{"id":9529,"date":"2018-07-17T08:08:02","date_gmt":"2018-07-17T06:08:02","guid":{"rendered":"https:\/\/www.sbrunner.net\/?p=9529"},"modified":"2018-07-17T08:08:02","modified_gmt":"2018-07-17T06:08:02","slug":"ueber-die-schartenkoepfe-auf-den-laber-1686m-und-ueber-einen-kleinen-klettersteig-zum-ettaler-mandl-1633m","status":"publish","type":"post","link":"https:\/\/www.sbrunner.net\/?p=9529","title":{"rendered":"\u00dcber die Schartenk\u00f6pfe auf den Laber (1686m) und \u00fcber einen kleinen Klettersteig zum Ettaler Mandl (1633m)"},"content":{"rendered":"<p>Hallo zusammen!<\/p>\n<p>Am ersten Juniwochenende zog es uns wieder in die Berge. Es war sch\u00f6nes Wetter vorhergesagt und wir hatten auch schon ein Ziel im Kopf: Den <a href=\"https:\/\/www.hoehenrausch.de\/berge\/laber\/\" rel=\"noopener\" target=\"_blank\">Laber<\/a> und das Ettaler Mandl von Oberammergau aus.<\/p>\n<p><a href=\"https:\/\/www.sbrunner.net\/?attachment_id=9693\" rel=\"attachment wp-att-9693\"><img loading=\"lazy\" decoding=\"async\" src=\"https:\/\/www.sbrunner.net\/wp-content\/uploads\/2018\/06\/LaberEttalerMandl_01-300x225.jpg\" alt=\"\" width=\"300\" height=\"225\" class=\"alignnone size-medium wp-image-9693\" srcset=\"https:\/\/www.sbrunner.net\/wp-content\/uploads\/2018\/06\/LaberEttalerMandl_01-300x225.jpg 300w, https:\/\/www.sbrunner.net\/wp-content\/uploads\/2018\/06\/LaberEttalerMandl_01.jpg 600w\" sizes=\"auto, (max-width: 300px) 100vw, 300px\" \/><\/a><\/p>\n<p>Los ging&#8217;s ab der Laberbergbahn, allerdings nicht mit der Bahn, sondern \u00fcber den Wanderweg. Durch den Wald f\u00fchrte uns der Weg nach oben und nach einer Weile konnten wir uns f\u00fcr die laut Schild anspruchsvollere Variante zum Laber entscheiden. \u00dcberraschend schnell waren wir umgeben von sch\u00f6nster Natur und konnten richtig genusswandern.<\/p>\n<p><a href=\"https:\/\/www.sbrunner.net\/?attachment_id=9694\" rel=\"attachment wp-att-9694\"><img loading=\"lazy\" decoding=\"async\" src=\"https:\/\/www.sbrunner.net\/wp-content\/uploads\/2018\/06\/LaberEttalerMandl_02-225x300.jpg\" alt=\"\" width=\"225\" height=\"300\" class=\"alignnone size-medium wp-image-9694\" srcset=\"https:\/\/www.sbrunner.net\/wp-content\/uploads\/2018\/06\/LaberEttalerMandl_02-225x300.jpg 225w, https:\/\/www.sbrunner.net\/wp-content\/uploads\/2018\/06\/LaberEttalerMandl_02.jpg 450w\" sizes=\"auto, (max-width: 225px) 100vw, 225px\" \/><\/a> <a href=\"https:\/\/www.sbrunner.net\/?attachment_id=9695\" rel=\"attachment wp-att-9695\"><img loading=\"lazy\" decoding=\"async\" src=\"https:\/\/www.sbrunner.net\/wp-content\/uploads\/2018\/06\/LaberEttalerMandl_03-225x300.jpg\" alt=\"\" width=\"225\" height=\"300\" class=\"alignnone size-medium wp-image-9695\" srcset=\"https:\/\/www.sbrunner.net\/wp-content\/uploads\/2018\/06\/LaberEttalerMandl_03-225x300.jpg 225w, https:\/\/www.sbrunner.net\/wp-content\/uploads\/2018\/06\/LaberEttalerMandl_03.jpg 450w\" sizes=\"auto, (max-width: 225px) 100vw, 225px\" \/><\/a><\/p>\n<p>Es war ein sehr warmer Tag und dadurch war es dann doch recht anstrengend. Die Blumenwiesen um uns rum machten das aber alles wieder gut und nach und nach wurde es auch etwas felsiger.<\/p>\n<p><a href=\"https:\/\/www.sbrunner.net\/?attachment_id=9696\" rel=\"attachment wp-att-9696\"><img loading=\"lazy\" decoding=\"async\" src=\"https:\/\/www.sbrunner.net\/wp-content\/uploads\/2018\/06\/LaberEttalerMandl_04-300x225.jpg\" alt=\"\" width=\"300\" height=\"225\" class=\"alignnone size-medium wp-image-9696\" srcset=\"https:\/\/www.sbrunner.net\/wp-content\/uploads\/2018\/06\/LaberEttalerMandl_04-300x225.jpg 300w, https:\/\/www.sbrunner.net\/wp-content\/uploads\/2018\/06\/LaberEttalerMandl_04.jpg 600w\" sizes=\"auto, (max-width: 300px) 100vw, 300px\" \/><\/a> <a href=\"https:\/\/www.sbrunner.net\/?attachment_id=9697\" rel=\"attachment wp-att-9697\"><img loading=\"lazy\" decoding=\"async\" src=\"https:\/\/www.sbrunner.net\/wp-content\/uploads\/2018\/06\/LaberEttalerMandl_05-300x225.jpg\" alt=\"\" width=\"300\" height=\"225\" class=\"alignnone size-medium wp-image-9697\" srcset=\"https:\/\/www.sbrunner.net\/wp-content\/uploads\/2018\/06\/LaberEttalerMandl_05-300x225.jpg 300w, https:\/\/www.sbrunner.net\/wp-content\/uploads\/2018\/06\/LaberEttalerMandl_05.jpg 600w\" sizes=\"auto, (max-width: 300px) 100vw, 300px\" \/><\/a><\/p>\n<p>Der Ausblick wurde immer besser und wir genossen es, in den Bergen unterwegs zu sein. Wir waren hier aber nat\u00fcrlich nicht allein, der Laber ist ein sehr beliebter Ausflugsberg.<\/p>\n<p><a href=\"https:\/\/www.sbrunner.net\/?attachment_id=9698\" rel=\"attachment wp-att-9698\"><img loading=\"lazy\" decoding=\"async\" src=\"https:\/\/www.sbrunner.net\/wp-content\/uploads\/2018\/06\/LaberEttalerMandl_06-300x225.jpg\" alt=\"\" width=\"300\" height=\"225\" class=\"alignnone size-medium wp-image-9698\" srcset=\"https:\/\/www.sbrunner.net\/wp-content\/uploads\/2018\/06\/LaberEttalerMandl_06-300x225.jpg 300w, https:\/\/www.sbrunner.net\/wp-content\/uploads\/2018\/06\/LaberEttalerMandl_06.jpg 600w\" sizes=\"auto, (max-width: 300px) 100vw, 300px\" \/><\/a> <a href=\"https:\/\/www.sbrunner.net\/?attachment_id=9699\" rel=\"attachment wp-att-9699\"><img loading=\"lazy\" decoding=\"async\" src=\"https:\/\/www.sbrunner.net\/wp-content\/uploads\/2018\/06\/LaberEttalerMandl_07-300x225.jpg\" alt=\"\" width=\"300\" height=\"225\" class=\"alignnone size-medium wp-image-9699\" srcset=\"https:\/\/www.sbrunner.net\/wp-content\/uploads\/2018\/06\/LaberEttalerMandl_07-300x225.jpg 300w, https:\/\/www.sbrunner.net\/wp-content\/uploads\/2018\/06\/LaberEttalerMandl_07.jpg 600w\" sizes=\"auto, (max-width: 300px) 100vw, 300px\" \/><\/a><\/p>\n<p>Am Gipfel waren wir dann schneller als erwartet. Durch die H\u00fctte und die Bahn war hier ein ganz sch\u00f6ner Trubel. Wir machten trotzdem kurz Pause und beobachteten die Drachenflieger. Das war auch eine sch\u00f6ne Art wieder ins Tal zu kommen.<\/p>\n<p><a href=\"https:\/\/www.sbrunner.net\/?attachment_id=9700\" rel=\"attachment wp-att-9700\"><img loading=\"lazy\" decoding=\"async\" src=\"https:\/\/www.sbrunner.net\/wp-content\/uploads\/2018\/06\/LaberEttalerMandl_08-300x225.jpg\" alt=\"\" width=\"300\" height=\"225\" class=\"alignnone size-medium wp-image-9700\" srcset=\"https:\/\/www.sbrunner.net\/wp-content\/uploads\/2018\/06\/LaberEttalerMandl_08-300x225.jpg 300w, https:\/\/www.sbrunner.net\/wp-content\/uploads\/2018\/06\/LaberEttalerMandl_08.jpg 600w\" sizes=\"auto, (max-width: 300px) 100vw, 300px\" \/><\/a> <a href=\"https:\/\/www.sbrunner.net\/?attachment_id=9701\" rel=\"attachment wp-att-9701\"><img loading=\"lazy\" decoding=\"async\" src=\"https:\/\/www.sbrunner.net\/wp-content\/uploads\/2018\/06\/LaberEttalerMandl_09-300x225.jpg\" alt=\"\" width=\"300\" height=\"225\" class=\"alignnone size-medium wp-image-9701\" srcset=\"https:\/\/www.sbrunner.net\/wp-content\/uploads\/2018\/06\/LaberEttalerMandl_09-300x225.jpg 300w, https:\/\/www.sbrunner.net\/wp-content\/uploads\/2018\/06\/LaberEttalerMandl_09.jpg 600w\" sizes=\"auto, (max-width: 300px) 100vw, 300px\" \/><\/a><\/p>\n<p>Die Aussicht ins Tal war sch\u00f6n und auch den Weiterweg konnten wir schon erkennen. Unser Ziel war als n\u00e4chstes das Ettaler Mandl und der zugeh\u00f6rige Klettersteig.<\/p>\n<p><a href=\"https:\/\/www.sbrunner.net\/?attachment_id=9702\" rel=\"attachment wp-att-9702\"><img decoding=\"async\" src=\"https:\/\/www.sbrunner.net\/wp-content\/uploads\/2018\/06\/LaberEttalerMandl_10.jpg\" alt=\"\" width=\"700\" class=\"alignnone size-medium wp-image-9702\" srcset=\"https:\/\/www.sbrunner.net\/wp-content\/uploads\/2018\/06\/LaberEttalerMandl_10.jpg 1000w, https:\/\/www.sbrunner.net\/wp-content\/uploads\/2018\/06\/LaberEttalerMandl_10-300x133.jpg 300w, https:\/\/www.sbrunner.net\/wp-content\/uploads\/2018\/06\/LaberEttalerMandl_10-768x341.jpg 768w\" sizes=\"(max-width: 1000px) 100vw, 1000px\" \/><\/a><\/p>\n<p>Wir folgten den Schildern und kamen so wieder ein St\u00fcck weiter nach unten. Manchmal war es nicht ganz eindeutig, aber der Weg war dann schon der richtige. Da es ein ganzes St\u00fcck wieder in den Wald hineinging, hatte ich erst etwas Zweifel.<\/p>\n<p><a href=\"https:\/\/www.sbrunner.net\/?attachment_id=9703\" rel=\"attachment wp-att-9703\"><img loading=\"lazy\" decoding=\"async\" src=\"https:\/\/www.sbrunner.net\/wp-content\/uploads\/2018\/06\/LaberEttalerMandl_11-300x225.jpg\" alt=\"\" width=\"300\" height=\"225\" class=\"alignnone size-medium wp-image-9703\" srcset=\"https:\/\/www.sbrunner.net\/wp-content\/uploads\/2018\/06\/LaberEttalerMandl_11-300x225.jpg 300w, https:\/\/www.sbrunner.net\/wp-content\/uploads\/2018\/06\/LaberEttalerMandl_11.jpg 600w\" sizes=\"auto, (max-width: 300px) 100vw, 300px\" \/><\/a><\/p>\n<p>Irgendwann kam aber wieder ein Schild und es war klar, dass wir richtig waren. Nach Ettal absteigen wollten wir schlie\u00dflich nicht. Am Klettersteig angekommen war viel los. Viele wollten auf das Ettaler Mandl und der Klettersteig ist auch deshalb beliebt, weil er kurz und leicht ist. Eigentlich ist es auch eher ein versicherter Steig. Ein richtiges Klettersteigseil ist es nicht, sondern Ketten, bei denen man sich einh\u00e4ngen kann.<\/p>\n<p><a href=\"https:\/\/www.sbrunner.net\/?attachment_id=9704\" rel=\"attachment wp-att-9704\"><img loading=\"lazy\" decoding=\"async\" src=\"https:\/\/www.sbrunner.net\/wp-content\/uploads\/2018\/06\/LaberEttalerMandl_12-300x225.jpg\" alt=\"\" width=\"300\" height=\"225\" class=\"alignnone size-medium wp-image-9704\" srcset=\"https:\/\/www.sbrunner.net\/wp-content\/uploads\/2018\/06\/LaberEttalerMandl_12-300x225.jpg 300w, https:\/\/www.sbrunner.net\/wp-content\/uploads\/2018\/06\/LaberEttalerMandl_12.jpg 600w\" sizes=\"auto, (max-width: 300px) 100vw, 300px\" \/><\/a> <a href=\"https:\/\/www.sbrunner.net\/?attachment_id=9705\" rel=\"attachment wp-att-9705\"><img loading=\"lazy\" decoding=\"async\" src=\"https:\/\/www.sbrunner.net\/wp-content\/uploads\/2018\/06\/LaberEttalerMandl_13-300x225.jpg\" alt=\"\" width=\"300\" height=\"225\" class=\"alignnone size-medium wp-image-9705\" srcset=\"https:\/\/www.sbrunner.net\/wp-content\/uploads\/2018\/06\/LaberEttalerMandl_13-300x225.jpg 300w, https:\/\/www.sbrunner.net\/wp-content\/uploads\/2018\/06\/LaberEttalerMandl_13.jpg 600w\" sizes=\"auto, (max-width: 300px) 100vw, 300px\" \/><\/a><\/p>\n<p>Und nachdem ich das Set schon dabei hatte, legte ich es auch an und nutzte es f\u00fcr den Aufstieg. Passieren kann schlie\u00dflich immer was und es war eine gute \u00dcbung f\u00fcr den anstehenden Dolomitenurlaub. \u00dcber recht speckigen Fels kletterten wir mit einigen Gegenverkehrspausen bis zum Gipfel.<\/p>\n<p><a href=\"https:\/\/www.sbrunner.net\/?attachment_id=9706\" rel=\"attachment wp-att-9706\"><img loading=\"lazy\" decoding=\"async\" src=\"https:\/\/www.sbrunner.net\/wp-content\/uploads\/2018\/06\/LaberEttalerMandl_14-225x300.jpg\" alt=\"\" width=\"225\" height=\"300\" class=\"alignnone size-medium wp-image-9706\" srcset=\"https:\/\/www.sbrunner.net\/wp-content\/uploads\/2018\/06\/LaberEttalerMandl_14-225x300.jpg 225w, https:\/\/www.sbrunner.net\/wp-content\/uploads\/2018\/06\/LaberEttalerMandl_14.jpg 450w\" sizes=\"auto, (max-width: 225px) 100vw, 225px\" \/><\/a> <a href=\"https:\/\/www.sbrunner.net\/?attachment_id=9707\" rel=\"attachment wp-att-9707\"><img loading=\"lazy\" decoding=\"async\" src=\"https:\/\/www.sbrunner.net\/wp-content\/uploads\/2018\/06\/LaberEttalerMandl_15-225x300.jpg\" alt=\"\" width=\"225\" height=\"300\" class=\"alignnone size-medium wp-image-9707\" srcset=\"https:\/\/www.sbrunner.net\/wp-content\/uploads\/2018\/06\/LaberEttalerMandl_15-225x300.jpg 225w, https:\/\/www.sbrunner.net\/wp-content\/uploads\/2018\/06\/LaberEttalerMandl_15.jpg 450w\" sizes=\"auto, (max-width: 225px) 100vw, 225px\" \/><\/a><\/p>\n<p>Dort waren nur zwei andere Wanderer au\u00dfer uns und wir konnten am Gipfel in Ruhe eine kleine Pause einlegen. Der Abstieg war wie der Aufstieg &#8211; einige &#8222;Entgegenkommer&#8220; und immer wieder Pause, wir kamen aber gut wieder unten an.<\/p>\n<p><a href=\"https:\/\/www.sbrunner.net\/?attachment_id=9708\" rel=\"attachment wp-att-9708\"><img loading=\"lazy\" decoding=\"async\" src=\"https:\/\/www.sbrunner.net\/wp-content\/uploads\/2018\/06\/LaberEttalerMandl_16-225x300.jpg\" alt=\"\" width=\"225\" height=\"300\" class=\"alignnone size-medium wp-image-9708\" srcset=\"https:\/\/www.sbrunner.net\/wp-content\/uploads\/2018\/06\/LaberEttalerMandl_16-225x300.jpg 225w, https:\/\/www.sbrunner.net\/wp-content\/uploads\/2018\/06\/LaberEttalerMandl_16.jpg 450w\" sizes=\"auto, (max-width: 225px) 100vw, 225px\" \/><\/a> <a href=\"https:\/\/www.sbrunner.net\/?attachment_id=9709\" rel=\"attachment wp-att-9709\"><img loading=\"lazy\" decoding=\"async\" src=\"https:\/\/www.sbrunner.net\/wp-content\/uploads\/2018\/06\/LaberEttalerMandl_17-300x225.jpg\" alt=\"\" width=\"300\" height=\"225\" class=\"alignnone size-medium wp-image-9709\" srcset=\"https:\/\/www.sbrunner.net\/wp-content\/uploads\/2018\/06\/LaberEttalerMandl_17-300x225.jpg 300w, https:\/\/www.sbrunner.net\/wp-content\/uploads\/2018\/06\/LaberEttalerMandl_17.jpg 600w\" sizes=\"auto, (max-width: 300px) 100vw, 300px\" \/><\/a><\/p>\n<p>Nun folgten wir den Schildern nach Oberammergau. \u00dcber die Soila-Alm wanderten wir ins Tal. Wir machten dort keine Pause und folgten stattdessen dem Forstweg bis zum Parkplatz. Bei sch\u00f6nstem Wetter hatten wir den Laber und das Ettaler Mandl bestiegen und somit einen tollen Tag in den Ammergauer Bergen erlebt.<\/p>\n<p>Liebe Gr\u00fc\u00dfe,<br \/>\nSabine \ud83d\ude42<\/p>\n","protected":false},"excerpt":{"rendered":"<p>Hallo zusammen! Am ersten Juniwochenende zog es uns wieder in die Berge. Es war sch\u00f6nes Wetter vorhergesagt und wir hatten auch schon ein Ziel im Kopf: Den Laber und das Ettaler Mandl von Oberammergau aus. Los ging&#8217;s ab der Laberbergbahn, allerdings nicht mit der Bahn, sondern \u00fcber den Wanderweg. Durch den Wald f\u00fchrte uns der [&hellip;]<\/p>\n","protected":false},"author":4,"featured_media":0,"comment_status":"open","ping_status":"closed","sticky":false,"template":"","format":"standard","meta":{"footnotes":""},"categories":[7,10],"tags":[1483,1494,916,1498,1492,1491,1493,1499],"class_list":["post-9529","post","type-post","status-publish","format-standard","hentry","category-klettern","category-wandern","tag-ammergauer-alpen","tag-ettaler-mandl","tag-klettersteig","tag-klettersteig-ettaler-mandl","tag-laber","tag-oberammergau","tag-schartenkoepfe","tag-soila-alm"],"_links":{"self":[{"href":"https:\/\/www.sbrunner.net\/index.php?rest_route=\/wp\/v2\/posts\/9529","targetHints":{"allow":["GET"]}}],"collection":[{"href":"https:\/\/www.sbrunner.net\/index.php?rest_route=\/wp\/v2\/posts"}],"about":[{"href":"https:\/\/www.sbrunner.net\/index.php?rest_route=\/wp\/v2\/types\/post"}],"author":[{"embeddable":true,"href":"https:\/\/www.sbrunner.net\/index.php?rest_route=\/wp\/v2\/users\/4"}],"replies":[{"embeddable":true,"href":"https:\/\/www.sbrunner.net\/index.php?rest_route=%2Fwp%2Fv2%2Fcomments&post=9529"}],"version-history":[{"count":10,"href":"https:\/\/www.sbrunner.net\/index.php?rest_route=\/wp\/v2\/posts\/9529\/revisions"}],"predecessor-version":[{"id":9762,"href":"https:\/\/www.sbrunner.net\/index.php?rest_route=\/wp\/v2\/posts\/9529\/revisions\/9762"}],"wp:attachment":[{"href":"https:\/\/www.sbrunner.net\/index.php?rest_route=%2Fwp%2Fv2%2Fmedia&parent=9529"}],"wp:term":[{"taxonomy":"category","embeddable":true,"href":"https:\/\/www.sbrunner.net\/index.php?rest_route=%2Fwp%2Fv2%2Fcategories&post=9529"},{"taxonomy":"post_tag","embeddable":true,"href":"https:\/\/www.sbrunner.net\/index.php?rest_route=%2Fwp%2Fv2%2Ftags&post=9529"}],"curies":[{"name":"wp","href":"https:\/\/api.w.org\/{rel}","templated":true}]}}