{"id":9238,"date":"2018-04-29T21:46:14","date_gmt":"2018-04-29T19:46:14","guid":{"rendered":"http:\/\/www.sbrunner.net\/?p=9238"},"modified":"2018-04-29T21:46:14","modified_gmt":"2018-04-29T19:46:14","slug":"wandern-um-el-chorro","status":"publish","type":"post","link":"https:\/\/www.sbrunner.net\/?p=9238","title":{"rendered":"Wandern um El Chorro"},"content":{"rendered":"<p>Hall\u00f6chen zusammen,<\/p>\n<p>die Gegend um El Chorro ist auch wundersch\u00f6n zum Wandern. Nachdem das Wetter am dritten Tag noch regnerisch war, entschieden wir uns f\u00fcr einen Ausflug nach El Chorro, um dort einerseits die Klettergebiete zu sehen und andererseits die Gegend zu erkunden. Zuvor suchten wir noch den Einstieg f\u00fcr den Caminito del Rey, den ich die folgenden Tage noch machen wollte. Noch war er wegen schlechten Wetters geschlossen.<\/p>\n<p><a href=\"https:\/\/www.sbrunner.net\/?attachment_id=9350\" rel=\"attachment wp-att-9350\"><img decoding=\"async\" src=\"https:\/\/www.sbrunner.net\/wp-content\/uploads\/2018\/03\/ElChorroWandern_01.jpg\" alt=\"\" width=\"700\" class=\"alignnone size-medium wp-image-9350\" srcset=\"https:\/\/www.sbrunner.net\/wp-content\/uploads\/2018\/03\/ElChorroWandern_01.jpg 1000w, https:\/\/www.sbrunner.net\/wp-content\/uploads\/2018\/03\/ElChorroWandern_01-300x119.jpg 300w, https:\/\/www.sbrunner.net\/wp-content\/uploads\/2018\/03\/ElChorroWandern_01-768x306.jpg 768w\" sizes=\"(max-width: 1000px) 100vw, 1000px\" \/><\/a><\/p>\n<p>Schon auf dem Weg hielten wir an, als wir an den Seen vorbeikamen. Eine wundersch\u00f6ne Landschaft tat sich vor uns auf, die mussten wir einfach anschauen. Und das war gar nicht weit entfernt von unserer Villa. Danach ging es weiter ins Landesinnere und \u00fcber zahlreiche Serpentinen hinab nach El Chorro. Wir hatten schon einen Blick auf das Ende des Caminito del Rey und auf einige Kletterfelsen. <\/p>\n<p><a href=\"https:\/\/www.sbrunner.net\/?attachment_id=9351\" rel=\"attachment wp-att-9351\"><img decoding=\"async\" src=\"https:\/\/www.sbrunner.net\/wp-content\/uploads\/2018\/03\/ElChorroWandern_02.jpg\" alt=\"\" width=\"700\" class=\"alignnone size-medium wp-image-9351\" srcset=\"https:\/\/www.sbrunner.net\/wp-content\/uploads\/2018\/03\/ElChorroWandern_02.jpg 1000w, https:\/\/www.sbrunner.net\/wp-content\/uploads\/2018\/03\/ElChorroWandern_02-300x135.jpg 300w, https:\/\/www.sbrunner.net\/wp-content\/uploads\/2018\/03\/ElChorroWandern_02-768x346.jpg 768w\" sizes=\"(max-width: 1000px) 100vw, 1000px\" \/><\/a><\/p>\n<p>In El Chorro wollte ich eigentlich den Wanderweg zum Pico Capilla einschlagen, dieser ist \u00fcber den Wanderweg Sendero Haza del R\u00edo zu erreichen. Die Beschreibung die ich daf\u00fcr hatte, half aber nicht sonderlich weiter. Also liefen wir einfach den Weg entlang und lie\u00dfen uns \u00fcberraschen.<\/p>\n<p><a href=\"https:\/\/www.sbrunner.net\/?attachment_id=9352\" rel=\"attachment wp-att-9352\"><img loading=\"lazy\" decoding=\"async\" src=\"https:\/\/www.sbrunner.net\/wp-content\/uploads\/2018\/03\/ElChorroWandern_03-300x225.jpg\" alt=\"\" width=\"300\" height=\"225\" class=\"alignnone size-medium wp-image-9352\" srcset=\"https:\/\/www.sbrunner.net\/wp-content\/uploads\/2018\/03\/ElChorroWandern_03-300x225.jpg 300w, https:\/\/www.sbrunner.net\/wp-content\/uploads\/2018\/03\/ElChorroWandern_03.jpg 600w\" sizes=\"auto, (max-width: 300px) 100vw, 300px\" \/><\/a> <a href=\"https:\/\/www.sbrunner.net\/?attachment_id=9353\" rel=\"attachment wp-att-9353\"><img loading=\"lazy\" decoding=\"async\" src=\"https:\/\/www.sbrunner.net\/wp-content\/uploads\/2018\/03\/ElChorroWandern_04-300x225.jpg\" alt=\"\" width=\"300\" height=\"225\" class=\"alignnone size-medium wp-image-9353\" srcset=\"https:\/\/www.sbrunner.net\/wp-content\/uploads\/2018\/03\/ElChorroWandern_04-300x225.jpg 300w, https:\/\/www.sbrunner.net\/wp-content\/uploads\/2018\/03\/ElChorroWandern_04.jpg 600w\" sizes=\"auto, (max-width: 300px) 100vw, 300px\" \/><\/a><\/p>\n<p>Wir kamen jedenfalls an mehreren Klettergebieten vorbei und liefen auch direkt zu den W\u00e4nden. Wir suchten im Kletterf\u00fchrer, um welche Wand es sich handelte und wurden auch f\u00fcndig. Es war der Sektor Arabe. Dort kommt man allerdings auch auf deutlich k\u00fcrzerem Wege hin. Wir machten hier Pause und studierten die W\u00e4nde. Da w\u00e4ren schon interessante Routen dabei gewesen.<\/p>\n<p><a href=\"https:\/\/www.sbrunner.net\/?attachment_id=9354\" rel=\"attachment wp-att-9354\"><img loading=\"lazy\" decoding=\"async\" src=\"https:\/\/www.sbrunner.net\/wp-content\/uploads\/2018\/03\/ElChorroWandern_05-300x225.jpg\" alt=\"\" width=\"300\" height=\"225\" class=\"alignnone size-medium wp-image-9354\" srcset=\"https:\/\/www.sbrunner.net\/wp-content\/uploads\/2018\/03\/ElChorroWandern_05-300x225.jpg 300w, https:\/\/www.sbrunner.net\/wp-content\/uploads\/2018\/03\/ElChorroWandern_05.jpg 600w\" sizes=\"auto, (max-width: 300px) 100vw, 300px\" \/><\/a> <\/p>\n<p>Noch war das Wetter aber unbest\u00e4ndig und wir hatten die Klettersachen nat\u00fcrlich nicht dabei. Daher blieb es beim Tr\u00e4umen und wir wanderten dann erst mal weg von den Kletterw\u00e4nden und weiter auf den Wanderwegen. Eine Karte hatten wir leider nicht, was die Orientierung deutlich schwerer machte.<\/p>\n<p><a href=\"https:\/\/www.sbrunner.net\/?attachment_id=9355\" rel=\"attachment wp-att-9355\"><img decoding=\"async\" src=\"https:\/\/www.sbrunner.net\/wp-content\/uploads\/2018\/03\/ElChorroWandern_06.jpg\" alt=\"\" width=\"700\" class=\"alignnone size-medium wp-image-9355\" srcset=\"https:\/\/www.sbrunner.net\/wp-content\/uploads\/2018\/03\/ElChorroWandern_06.jpg 1000w, https:\/\/www.sbrunner.net\/wp-content\/uploads\/2018\/03\/ElChorroWandern_06-300x81.jpg 300w, https:\/\/www.sbrunner.net\/wp-content\/uploads\/2018\/03\/ElChorroWandern_06-768x207.jpg 768w\" sizes=\"(max-width: 1000px) 100vw, 1000px\" \/><\/a><\/p>\n<p>Die Kletterw\u00e4nde haben ihre eigenen Wege f\u00fcr den Zustieg und gerade beim Sektor Arabe ist dieser ziemlich lang. Zur\u00fcck auf dem normalen Weg ging es stetig bergauf und wir fragten uns langsam, was unser Ziel sein sollte. Bis nach Valle de Abdalajis wollten wir nicht. <\/p>\n<p><a href=\"https:\/\/www.sbrunner.net\/?attachment_id=9357\" rel=\"attachment wp-att-9357\"><img loading=\"lazy\" decoding=\"async\" src=\"https:\/\/www.sbrunner.net\/wp-content\/uploads\/2018\/03\/ElChorroWandern_08-225x300.jpg\" alt=\"\" width=\"225\" height=\"300\" class=\"alignnone size-medium wp-image-9357\" srcset=\"https:\/\/www.sbrunner.net\/wp-content\/uploads\/2018\/03\/ElChorroWandern_08-225x300.jpg 225w, https:\/\/www.sbrunner.net\/wp-content\/uploads\/2018\/03\/ElChorroWandern_08.jpg 450w\" sizes=\"auto, (max-width: 225px) 100vw, 225px\" \/><\/a> <a href=\"https:\/\/www.sbrunner.net\/?attachment_id=9356\" rel=\"attachment wp-att-9356\"><img loading=\"lazy\" decoding=\"async\" src=\"https:\/\/www.sbrunner.net\/wp-content\/uploads\/2018\/03\/ElChorroWandern_07-300x225.jpg\" alt=\"\" width=\"300\" height=\"225\" class=\"alignnone size-medium wp-image-9356\" srcset=\"https:\/\/www.sbrunner.net\/wp-content\/uploads\/2018\/03\/ElChorroWandern_07-300x225.jpg 300w, https:\/\/www.sbrunner.net\/wp-content\/uploads\/2018\/03\/ElChorroWandern_07.jpg 600w\" sizes=\"auto, (max-width: 300px) 100vw, 300px\" \/><\/a><\/p>\n<p>Nach einer Weile kam ein Schild, das auch angab, dass man von dort aus auf den Monte Huma wandern konnte. Nachdem wir eine Weile den normalen Weg gelaufen waren, drehten wir um und liefen dann den Weg in Richtung Monte Huma. Wir wollten zumindest sehen, was da noch kam.<\/p>\n<p><a href=\"https:\/\/www.sbrunner.net\/?attachment_id=9358\" rel=\"attachment wp-att-9358\"><img loading=\"lazy\" decoding=\"async\" src=\"https:\/\/www.sbrunner.net\/wp-content\/uploads\/2018\/03\/ElChorroWandern_09-300x225.jpg\" alt=\"\" width=\"300\" height=\"225\" class=\"alignnone size-medium wp-image-9358\" srcset=\"https:\/\/www.sbrunner.net\/wp-content\/uploads\/2018\/03\/ElChorroWandern_09-300x225.jpg 300w, https:\/\/www.sbrunner.net\/wp-content\/uploads\/2018\/03\/ElChorroWandern_09.jpg 600w\" sizes=\"auto, (max-width: 300px) 100vw, 300px\" \/><\/a> <a href=\"https:\/\/www.sbrunner.net\/?attachment_id=9359\" rel=\"attachment wp-att-9359\"><img loading=\"lazy\" decoding=\"async\" src=\"https:\/\/www.sbrunner.net\/wp-content\/uploads\/2018\/03\/ElChorroWandern_10-300x225.jpg\" alt=\"\" width=\"300\" height=\"225\" class=\"alignnone size-medium wp-image-9359\" srcset=\"https:\/\/www.sbrunner.net\/wp-content\/uploads\/2018\/03\/ElChorroWandern_10-300x225.jpg 300w, https:\/\/www.sbrunner.net\/wp-content\/uploads\/2018\/03\/ElChorroWandern_10.jpg 600w\" sizes=\"auto, (max-width: 300px) 100vw, 300px\" \/><\/a><\/p>\n<p>Der Weg war markiert und das war auch das einzige, an dem wir uns orientieren konnten. Einmal f\u00fchrte uns die Markierung mitten durch den Wald, ohne dass wir hier einen Pfad erkennen konnten.<\/p>\n<p><a href=\"https:\/\/www.sbrunner.net\/?attachment_id=9360\" rel=\"attachment wp-att-9360\"><img loading=\"lazy\" decoding=\"async\" src=\"https:\/\/www.sbrunner.net\/wp-content\/uploads\/2018\/03\/ElChorroWandern_11-300x225.jpg\" alt=\"\" width=\"300\" height=\"225\" class=\"alignnone size-medium wp-image-9360\" srcset=\"https:\/\/www.sbrunner.net\/wp-content\/uploads\/2018\/03\/ElChorroWandern_11-300x225.jpg 300w, https:\/\/www.sbrunner.net\/wp-content\/uploads\/2018\/03\/ElChorroWandern_11.jpg 600w\" sizes=\"auto, (max-width: 300px) 100vw, 300px\" \/><\/a><\/p>\n<p>Die Markierungen waren aber zum Gl\u00fcck h\u00e4ufig genug angebracht, so dass wir damit keine Probleme hatten. Auch Abzweigungen waren gut markiert und nicht zu verfehlen.<\/p>\n<p><a href=\"https:\/\/www.sbrunner.net\/?attachment_id=9361\" rel=\"attachment wp-att-9361\"><img loading=\"lazy\" decoding=\"async\" src=\"https:\/\/www.sbrunner.net\/wp-content\/uploads\/2018\/03\/ElChorroWandern_12-225x300.jpg\" alt=\"\" width=\"225\" height=\"300\" class=\"alignnone size-medium wp-image-9361\" srcset=\"https:\/\/www.sbrunner.net\/wp-content\/uploads\/2018\/03\/ElChorroWandern_12-225x300.jpg 225w, https:\/\/www.sbrunner.net\/wp-content\/uploads\/2018\/03\/ElChorroWandern_12.jpg 450w\" sizes=\"auto, (max-width: 225px) 100vw, 225px\" \/><\/a><\/p>\n<p>Nachdem wir aus dem Wald rauskamen, erkannten wir auch schon den Berg, der der Monte Huma sein musste. Wir folgten weiterhin den Markierungen.<\/p>\n<p><a href=\"https:\/\/www.sbrunner.net\/?attachment_id=9362\" rel=\"attachment wp-att-9362\"><img decoding=\"async\" src=\"https:\/\/www.sbrunner.net\/wp-content\/uploads\/2018\/03\/ElChorroWandern_13.jpg\" alt=\"\" width=\"700\" class=\"alignnone size-medium wp-image-9362\" srcset=\"https:\/\/www.sbrunner.net\/wp-content\/uploads\/2018\/03\/ElChorroWandern_13.jpg 1000w, https:\/\/www.sbrunner.net\/wp-content\/uploads\/2018\/03\/ElChorroWandern_13-300x118.jpg 300w, https:\/\/www.sbrunner.net\/wp-content\/uploads\/2018\/03\/ElChorroWandern_13-768x303.jpg 768w\" sizes=\"(max-width: 1000px) 100vw, 1000px\" \/><\/a><\/p>\n<p>Nach einer Weile kamen wir dann direkt an den Fels, wo auch Drahtseilsicherungen angebracht sind. Insgesamt ist die Wanderung aber nicht schwer und wir kamen z\u00fcgig voran.<\/p>\n<p><a href=\"https:\/\/www.sbrunner.net\/?attachment_id=9364\" rel=\"attachment wp-att-9364\"><img loading=\"lazy\" decoding=\"async\" src=\"https:\/\/www.sbrunner.net\/wp-content\/uploads\/2018\/03\/ElChorroWandern_15-225x300.jpg\" alt=\"\" width=\"225\" height=\"300\" class=\"alignnone size-medium wp-image-9364\" srcset=\"https:\/\/www.sbrunner.net\/wp-content\/uploads\/2018\/03\/ElChorroWandern_15-225x300.jpg 225w, https:\/\/www.sbrunner.net\/wp-content\/uploads\/2018\/03\/ElChorroWandern_15.jpg 450w\" sizes=\"auto, (max-width: 225px) 100vw, 225px\" \/><\/a> <a href=\"https:\/\/www.sbrunner.net\/?attachment_id=9363\" rel=\"attachment wp-att-9363\"><img loading=\"lazy\" decoding=\"async\" src=\"https:\/\/www.sbrunner.net\/wp-content\/uploads\/2018\/03\/ElChorroWandern_14-300x225.jpg\" alt=\"\" width=\"300\" height=\"225\" class=\"alignnone size-medium wp-image-9363\" srcset=\"https:\/\/www.sbrunner.net\/wp-content\/uploads\/2018\/03\/ElChorroWandern_14-300x225.jpg 300w, https:\/\/www.sbrunner.net\/wp-content\/uploads\/2018\/03\/ElChorroWandern_14.jpg 600w\" sizes=\"auto, (max-width: 300px) 100vw, 300px\" \/><\/a><\/p>\n<p>Die Aussicht wurde immer besser und wir hatten einen weiten Blick in die Landschaft. Wenn das Wetter besser gewesen w\u00e4re, w\u00e4re das sicher noch sch\u00f6ner gewesen. Auch die Seen vom Morgen erkannten wir wieder.<\/p>\n<p><a href=\"https:\/\/www.sbrunner.net\/?attachment_id=9365\" rel=\"attachment wp-att-9365\"><img loading=\"lazy\" decoding=\"async\" src=\"https:\/\/www.sbrunner.net\/wp-content\/uploads\/2018\/03\/ElChorroWandern_16-300x225.jpg\" alt=\"\" width=\"300\" height=\"225\" class=\"alignnone size-medium wp-image-9365\" srcset=\"https:\/\/www.sbrunner.net\/wp-content\/uploads\/2018\/03\/ElChorroWandern_16-300x225.jpg 300w, https:\/\/www.sbrunner.net\/wp-content\/uploads\/2018\/03\/ElChorroWandern_16.jpg 600w\" sizes=\"auto, (max-width: 300px) 100vw, 300px\" \/><\/a><\/p>\n<p>Als wir am Kamm angekommen waren, zogen dunkle Wolken \u00fcber uns. Nachdem wir uns hier weder auskannten, noch wussten wie die Bedingungen auf dem weiteren Weg waren, entschieden wir uns umzudrehen. Eine grandiose Aussicht hatten wir auch jetzt schon und riskieren wollten wir nichts.<\/p>\n<p><a href=\"https:\/\/www.sbrunner.net\/?attachment_id=9371\" rel=\"attachment wp-att-9371\"><img decoding=\"async\" src=\"https:\/\/www.sbrunner.net\/wp-content\/uploads\/2018\/04\/ElChorroWandern_17.jpg\" alt=\"\" width=\"700\" class=\"alignnone size-medium wp-image-9371\" srcset=\"https:\/\/www.sbrunner.net\/wp-content\/uploads\/2018\/04\/ElChorroWandern_17.jpg 998w, https:\/\/www.sbrunner.net\/wp-content\/uploads\/2018\/04\/ElChorroWandern_17-300x47.jpg 300w, https:\/\/www.sbrunner.net\/wp-content\/uploads\/2018\/04\/ElChorroWandern_17-768x121.jpg 768w\" sizes=\"(max-width: 998px) 100vw, 998px\" \/><\/a><\/p>\n<p>Also drehten wir um und liefen den Weg wieder zur\u00fcck. Danach ging es den breiten Weg zur\u00fcck nach El Chorro. Fast in El Chorro angekommen fing es auch zu regnen an &#8211; wir hatten also die richtige Entscheidung getroffen. Auch wenn es nat\u00fcrlich schade war, den Gipfel nicht erreicht zu haben.<\/p>\n<p>Nach diesem Ausflug in die sch\u00f6ne andalusische und \u00fcberraschend gr\u00fcne Natur fuhren wir wieder zur\u00fcck in unsere Villa. Der n\u00e4chste Tag sollte sonnig werden &#8211; wir hofften sehr auf einen Klettertag!<\/p>\n<p>Liebe Gr\u00fc\u00dfe,<br \/>\nSabine \ud83d\ude42<\/p>\n","protected":false},"excerpt":{"rendered":"<p>Hall\u00f6chen zusammen, die Gegend um El Chorro ist auch wundersch\u00f6n zum Wandern. Nachdem das Wetter am dritten Tag noch regnerisch war, entschieden wir uns f\u00fcr einen Ausflug nach El Chorro, um dort einerseits die Klettergebiete zu sehen und andererseits die Gegend zu erkunden. Zuvor suchten wir noch den Einstieg f\u00fcr den Caminito del Rey, den [&hellip;]<\/p>\n","protected":false},"author":4,"featured_media":0,"comment_status":"open","ping_status":"closed","sticky":false,"template":"","format":"standard","meta":{"footnotes":""},"categories":[4,10],"tags":[1431,1422,1426,76],"class_list":["post-9238","post","type-post","status-publish","format-standard","hentry","category-reisen","category-wandern","tag-andalusien","tag-el-chorro","tag-monte-huma","tag-spanien"],"_links":{"self":[{"href":"https:\/\/www.sbrunner.net\/index.php?rest_route=\/wp\/v2\/posts\/9238","targetHints":{"allow":["GET"]}}],"collection":[{"href":"https:\/\/www.sbrunner.net\/index.php?rest_route=\/wp\/v2\/posts"}],"about":[{"href":"https:\/\/www.sbrunner.net\/index.php?rest_route=\/wp\/v2\/types\/post"}],"author":[{"embeddable":true,"href":"https:\/\/www.sbrunner.net\/index.php?rest_route=\/wp\/v2\/users\/4"}],"replies":[{"embeddable":true,"href":"https:\/\/www.sbrunner.net\/index.php?rest_route=%2Fwp%2Fv2%2Fcomments&post=9238"}],"version-history":[{"count":7,"href":"https:\/\/www.sbrunner.net\/index.php?rest_route=\/wp\/v2\/posts\/9238\/revisions"}],"predecessor-version":[{"id":9375,"href":"https:\/\/www.sbrunner.net\/index.php?rest_route=\/wp\/v2\/posts\/9238\/revisions\/9375"}],"wp:attachment":[{"href":"https:\/\/www.sbrunner.net\/index.php?rest_route=%2Fwp%2Fv2%2Fmedia&parent=9238"}],"wp:term":[{"taxonomy":"category","embeddable":true,"href":"https:\/\/www.sbrunner.net\/index.php?rest_route=%2Fwp%2Fv2%2Fcategories&post=9238"},{"taxonomy":"post_tag","embeddable":true,"href":"https:\/\/www.sbrunner.net\/index.php?rest_route=%2Fwp%2Fv2%2Ftags&post=9238"}],"curies":[{"name":"wp","href":"https:\/\/api.w.org\/{rel}","templated":true}]}}