{"id":8341,"date":"2016-10-15T19:59:50","date_gmt":"2016-10-15T17:59:50","guid":{"rendered":"http:\/\/www.sbrunner.net\/?p=8341"},"modified":"2016-10-15T20:00:05","modified_gmt":"2016-10-15T18:00:05","slug":"muenchen-venedig-etappe-24-arfanta-ponte-della-priula","status":"publish","type":"post","link":"https:\/\/www.sbrunner.net\/?p=8341","title":{"rendered":"M\u00fcnchen &#8211; Venedig Etappe 24: Arfanta &#8211; Ponte della Priula"},"content":{"rendered":"<p>Hall\u00f6chen zusammen!<\/p>\n<p><strong>Zusammenfassung:<\/strong><br \/>\nDiese war die erste komplette Flachlandetappe in Italien, f\u00fcr die der Rother M\u00fchle, Wein und Burgen versprochen hatte. Eine M\u00fchle, eine Burg, Wein und Obstplantagen und viel Stra\u00dfe w\u00e4re unsere Zusammenfassung \ud83d\ude09 . Der Abschnitt bis Refrontolo war landschaftlich wundersch\u00f6n, danach ging&#8217;s leider viel an Stra\u00dfen entlang, bis wir ab Collalto &#8211; wo sich auch das Castello di Collalto befindet &#8211; wieder auf sch\u00f6neren Wegen unterwegs waren.<\/p>\n<p><a href=\"http:\/\/www.2muve.de\/wp-content\/uploads\/2016\/10\/MuenchenVenedig_24_1.jpg\"><img loading=\"lazy\" decoding=\"async\" src=\"http:\/\/www.2muve.de\/wp-content\/uploads\/2016\/10\/MuenchenVenedig_24_1-300x200.jpg\" alt=\"muenchenvenedig_24_1\" width=\"300\" height=\"200\" class=\"alignnone size-medium wp-image-8733\" \/><\/a> <a href=\"http:\/\/www.2muve.de\/wp-content\/uploads\/2016\/10\/MuenchenVenedig_24_2.jpg\"><img loading=\"lazy\" decoding=\"async\" src=\"http:\/\/www.2muve.de\/wp-content\/uploads\/2016\/10\/MuenchenVenedig_24_2-300x200.jpg\" alt=\"muenchenvenedig_24_2\" width=\"300\" height=\"200\" class=\"alignnone size-medium wp-image-8734\" \/><\/a><br \/>\n<a href=\"http:\/\/www.2muve.de\/wp-content\/uploads\/2016\/10\/MuenchenVenedig_24_3.jpg\"><img loading=\"lazy\" decoding=\"async\" src=\"http:\/\/www.2muve.de\/wp-content\/uploads\/2016\/10\/MuenchenVenedig_24_3-300x200.jpg\" alt=\"muenchenvenedig_24_3\" width=\"300\" height=\"200\" class=\"alignnone size-medium wp-image-8735\" \/><\/a> <a href=\"http:\/\/www.2muve.de\/wp-content\/uploads\/2016\/10\/MuenchenVenedig_24_4.jpg\"><img loading=\"lazy\" decoding=\"async\" src=\"http:\/\/www.2muve.de\/wp-content\/uploads\/2016\/10\/MuenchenVenedig_24_4-300x200.jpg\" alt=\"muenchenvenedig_24_4\" width=\"300\" height=\"200\" class=\"alignnone size-medium wp-image-8736\" \/><\/a><\/p>\n<p><strong>Details:<\/strong><br \/>\nEigentlich h\u00e4tte es in unserem Luxuszimmer eine traumhafte Nacht sein sollen, wenn da nicht die tausend M\u00fcckenstiche gewesen w\u00e4ren, die ich von der Pause in Revine hatte. Das f\u00fchrte dazu, dass ich in der Nacht mehrmals aufgewacht bin, weil die Stiche \u00fcberall juckten. Am Morgen waren wir dann aber trotzdem gut ausgeschlafen. Wir waren wohl die einzigen \u00dcbernachtungsg\u00e4ste und wurden liebevoll mit Fr\u00fchst\u00fcck verw\u00f6hnt. Und dann ging&#8217;s auch schon los und wir liefen weiter durch Arfanta.<\/p>\n<p><a href=\"http:\/\/www.2muve.de\/wp-content\/uploads\/2016\/10\/MuenchenVenedig_24_5.jpg\"><img loading=\"lazy\" decoding=\"async\" src=\"http:\/\/www.2muve.de\/wp-content\/uploads\/2016\/10\/MuenchenVenedig_24_5-300x221.jpg\" alt=\"muenchenvenedig_24_5\" width=\"300\" height=\"221\" class=\"alignnone size-medium wp-image-8737\" \/><\/a> <a href=\"http:\/\/www.2muve.de\/wp-content\/uploads\/2016\/10\/MuenchenVenedig_24_6.jpg\"><img loading=\"lazy\" decoding=\"async\" src=\"http:\/\/www.2muve.de\/wp-content\/uploads\/2016\/10\/MuenchenVenedig_24_6-300x200.jpg\" alt=\"muenchenvenedig_24_6\" width=\"300\" height=\"200\" class=\"alignnone size-medium wp-image-8738\" \/><\/a><\/p>\n<p>Wir spazierten gem\u00fctlich den Weg entlang, links und rechts von uns war Agriturismo mit viel Wein. Es war landschaftlich wundersch\u00f6n und typisch s\u00fcdl\u00e4ndisch. Von nun an lasen wir immer viel im Rother Wanderf\u00fchrer, damit wir auch auf dem richtigen Weg unterwegs waren. Nach Arfanta liefen wir durch ein Waldst\u00fcck und dann wieder an der Stra\u00dfe entlang. Das erste Ziel war die Molinetto della Croda, eine restaurierte M\u00fchle deren Name von dem Stein kommt, auf dem sie steht. W\u00e4hrend wir dort eine kleine Pause machten, kamen muveler, die wir bisher noch nicht kannten. Scheinnbar ein Vater-Sohn-Paar, uns wurde aber sogleich erkl\u00e4rt, dass die beiden nicht Vater und Sohn sind \ud83d\ude09 .  <\/p>\n<p><a href=\"http:\/\/www.2muve.de\/wp-content\/uploads\/2016\/10\/MuenchenVenedig_24_8.jpg\"><img loading=\"lazy\" decoding=\"async\" src=\"http:\/\/www.2muve.de\/wp-content\/uploads\/2016\/10\/MuenchenVenedig_24_8-300x225.jpg\" alt=\"muenchenvenedig_24_8\" width=\"300\" height=\"225\" class=\"alignnone size-medium wp-image-8740\" \/><\/a> <a href=\"http:\/\/www.2muve.de\/wp-content\/uploads\/2016\/10\/MuenchenVenedig_24_7.jpg\"><img loading=\"lazy\" decoding=\"async\" src=\"http:\/\/www.2muve.de\/wp-content\/uploads\/2016\/10\/MuenchenVenedig_24_7-300x200.jpg\" alt=\"muenchenvenedig_24_7\" width=\"300\" height=\"200\" class=\"alignnone size-medium wp-image-8739\" \/><\/a><\/p>\n<p>Nach einem kleinen Plausch und Austausch \u00fcber andere gemeinsam bekannte muveler liefen wir weiter. Unterwegs auf der Proseccostra\u00dfe ging es weiter in Richtung Refrontolo. Nun kamen wir langsam heraus aus der Weingegend und es wurde offener und wir waren auch immer mehr auf Stra\u00dfen unterwegs. Der Rother empfiehlt in Refrontolo Prosecco zu trinken, da wir aber beide keine Freunde davon sind, haben wir den Tipp ignoriert und sind nach einem M\u00fcsliriegel weitergewandert. Nun verabschiedeten wir uns von der sch\u00f6nen Gegend und waren viel auf Stra\u00dfen unterwegs &#8211; teilweise ohne Gehweg.<\/p>\n<p><a href=\"http:\/\/www.2muve.de\/wp-content\/uploads\/2016\/10\/MuenchenVenedig_24_9.jpg\"><img loading=\"lazy\" decoding=\"async\" src=\"http:\/\/www.2muve.de\/wp-content\/uploads\/2016\/10\/MuenchenVenedig_24_9-300x200.jpg\" alt=\"muenchenvenedig_24_9\" width=\"300\" height=\"200\" class=\"alignnone size-medium wp-image-8741\" \/><\/a> <a href=\"http:\/\/www.2muve.de\/wp-content\/uploads\/2016\/10\/MuenchenVenedig_24_10.jpg\"><img loading=\"lazy\" decoding=\"async\" src=\"http:\/\/www.2muve.de\/wp-content\/uploads\/2016\/10\/MuenchenVenedig_24_10-300x200.jpg\" alt=\"muenchenvenedig_24_10\" width=\"300\" height=\"200\" class=\"alignnone size-medium wp-image-8742\" \/><\/a><\/p>\n<p>Es war sehr hei\u00df und da zog sich der Weg ganz sch\u00f6n. Immer mit dem Rother in der Hand suchten wir die richtigen Abzweigungen und nach und nach wurden unsere Gespr\u00e4che immer weniger &#8211; das lag zum Einen daran, dass unsere Motivation merklich sank und zum Anderen daran, dass wir hintereinander laufen mussten, damit die Autos an uns vorbeifahren konnten. An einer Stelle im Schatten machten wir nochmal kurz Pause und das unechte Vater-Sohn-Paar \u00fcberholte uns wieder.<\/p>\n<p><a href=\"http:\/\/www.2muve.de\/wp-content\/uploads\/2016\/10\/MuenchenVenedig_24_12.jpg\"><img loading=\"lazy\" decoding=\"async\" src=\"http:\/\/www.2muve.de\/wp-content\/uploads\/2016\/10\/MuenchenVenedig_24_12-300x225.jpg\" alt=\"muenchenvenedig_24_12\" width=\"300\" height=\"225\" class=\"alignnone size-medium wp-image-8744\" \/><\/a> <a href=\"http:\/\/www.2muve.de\/wp-content\/uploads\/2016\/10\/MuenchenVenedig_24_11.jpg\"><img loading=\"lazy\" decoding=\"async\" src=\"http:\/\/www.2muve.de\/wp-content\/uploads\/2016\/10\/MuenchenVenedig_24_11-300x200.jpg\" alt=\"muenchenvenedig_24_11\" width=\"300\" height=\"200\" class=\"alignnone size-medium wp-image-8743\" \/><\/a><\/p>\n<p>Nun ging es endlich nach Collalto. Das Castello di Collalto konnten wir schon von Weitem sehen, besuchten die Burg aber nicht. Wir liefen durch den Ort, trafen das Vater-Sohn-Paar in einem Restaurant und machten im Dorfplatz dann unsere Mittagspause. Dort gab es auch einen Wasserhahn, bei dem wir unsere Flaschen wieder auff\u00fcllen konnten. W\u00e4hrend unserer Pause wurden wir wieder \u00fcberholt und liefen dann auch wieder los. Nun ging es eine Allee entlang und die Gegend wurde wieder sch\u00f6ner. Der Weg nach San Daniele war nun wieder sch\u00f6ner: Wir hatten was gegessen und getrunken, liefen im Schatten, hatten nicht mehr weit und liefen etwas erstaunt an einem riesigen K\u00e4fer vorbei &#8211; wir waren aber wohl schon noch in Italien \ud83d\ude09 .<\/p>\n<p><a href=\"http:\/\/www.2muve.de\/wp-content\/uploads\/2016\/10\/MuenchenVenedig_24_13.jpg\"><img loading=\"lazy\" decoding=\"async\" src=\"http:\/\/www.2muve.de\/wp-content\/uploads\/2016\/10\/MuenchenVenedig_24_13-300x200.jpg\" alt=\"muenchenvenedig_24_13\" width=\"300\" height=\"200\" class=\"alignnone size-medium wp-image-8745\" \/><\/a> <a href=\"http:\/\/www.2muve.de\/wp-content\/uploads\/2016\/10\/MuenchenVenedig_24_14.jpg\"><img loading=\"lazy\" decoding=\"async\" src=\"http:\/\/www.2muve.de\/wp-content\/uploads\/2016\/10\/MuenchenVenedig_24_14-300x200.jpg\" alt=\"muenchenvenedig_24_14\" width=\"300\" height=\"200\" class=\"alignnone size-medium wp-image-8746\" \/><\/a><\/p>\n<p>Von San Daniele aus ging es dann die letzten Meter hinab. Wir \u00fcberquerten eine Hauptstra\u00dfe und waren dann an der Piave und liefen auf einem Damm entlang in Richtung Ponte della Priula. Es war nicht mehr weit, aber wie das so ist kurz vor Schluss, schmerzten die F\u00fc\u00dfe jetzt besonders stark, es war besonders hei\u00df und wir hatten keine Lust mehr. Aber auch hier half ein Motivationsm\u00fcsliriegel und wir liefen weiter bis Ponte della Priula und dort noch einen Kilometer in den Ort hinein, bis wir am empfohlenen Hotel San Carlo angekommen waren.<\/p>\n<p><a href=\"http:\/\/www.2muve.de\/wp-content\/uploads\/2016\/10\/MuenchenVenedig_24_15.jpg\"><img loading=\"lazy\" decoding=\"async\" src=\"http:\/\/www.2muve.de\/wp-content\/uploads\/2016\/10\/MuenchenVenedig_24_15-300x200.jpg\" alt=\"muenchenvenedig_24_15\" width=\"300\" height=\"200\" class=\"alignnone size-medium wp-image-8747\" \/><\/a><\/p>\n<p>Im Hotel angekommen war die Laune dann wieder besser. Wir bezogen unser Zimmer, machten uns im Waschraum frisch und zogen dann los, um Verpflegung zu holen. Auf der Hotelterrasse sa\u00dfen die muveler, die wir auf dem Nevegal kennengelernt hatten. Wir plauderten kurz und bekamen den ultimativen Tipp, dass wir nicht zur\u00fcck zum Supermarkt am Ortseingang laufen m\u00fcssen, sondern auch wenige Meter vom Hotel entfernt ein Supermarkt ist. Dort versorgten wir uns mit leckerem Abendessen. Wieder gest\u00e4rkt setzten wir uns dann auch auf die Terrasse und holten uns als Nachspeise noch Schokoladeneis auf Sojabasis, das wir voller Freude entdeckt hatten. Und damit waren Hitze und Fu\u00dfschmerzen wieder vergessen \ud83d\ude09 .<\/p>\n<p><strong>Erkenntnis des Tages:<\/strong><br \/>\nEin Becher Eis macht alles wieder gut \ud83d\ude09 .<\/p>\n<p><strong>Fazit:<\/strong><br \/>\nDer erste Teil der Wanderung und der Weg nach Collalto waren sehr sch\u00f6n, die Stra\u00dfenabschnitte sehr anstrengend. Das Flachland macht uns nach wie vor zu schaffen und an die Hitze m\u00fcssen wir uns noch gew\u00f6hnen. Trotzdem waren die Abschnitte an Weinbergen und Plantagen entlang wundersch\u00f6n.<\/p>\n<p>Liebe Gr\u00fc\u00dfe,<br \/>\nSabine (Early Bird) \ud83d\ude42<\/p>\n","protected":false},"excerpt":{"rendered":"<p>Hall\u00f6chen zusammen! Zusammenfassung: Diese war die erste komplette Flachlandetappe in Italien, f\u00fcr die der Rother M\u00fchle, Wein und Burgen versprochen hatte. Eine M\u00fchle, eine Burg, Wein und Obstplantagen und viel Stra\u00dfe w\u00e4re unsere Zusammenfassung \ud83d\ude09 . Der Abschnitt bis Refrontolo war landschaftlich wundersch\u00f6n, danach ging&#8217;s leider viel an Stra\u00dfen entlang, bis wir ab Collalto &#8211; [&hellip;]<\/p>\n","protected":false},"author":4,"featured_media":0,"comment_status":"open","ping_status":"closed","sticky":false,"template":"","format":"standard","meta":{"footnotes":""},"categories":[1147],"tags":[1092,1266,1269,1268,1273,1189,1271,1146,1270,1272,1267,1091],"class_list":["post-8341","post","type-post","status-publish","format-standard","hentry","category-muenchen-venedig","tag-alpenueberquerung","tag-arfanta","tag-casonetti","tag-collalto","tag-colline-del-prosecco","tag-italien","tag-molinetto-della-croda","tag-muenchen-venedig","tag-ponte-della-priula","tag-prosecco","tag-refrontolo","tag-traumpfad"],"_links":{"self":[{"href":"https:\/\/www.sbrunner.net\/index.php?rest_route=\/wp\/v2\/posts\/8341","targetHints":{"allow":["GET"]}}],"collection":[{"href":"https:\/\/www.sbrunner.net\/index.php?rest_route=\/wp\/v2\/posts"}],"about":[{"href":"https:\/\/www.sbrunner.net\/index.php?rest_route=\/wp\/v2\/types\/post"}],"author":[{"embeddable":true,"href":"https:\/\/www.sbrunner.net\/index.php?rest_route=\/wp\/v2\/users\/4"}],"replies":[{"embeddable":true,"href":"https:\/\/www.sbrunner.net\/index.php?rest_route=%2Fwp%2Fv2%2Fcomments&post=8341"}],"version-history":[{"count":5,"href":"https:\/\/www.sbrunner.net\/index.php?rest_route=\/wp\/v2\/posts\/8341\/revisions"}],"predecessor-version":[{"id":8350,"href":"https:\/\/www.sbrunner.net\/index.php?rest_route=\/wp\/v2\/posts\/8341\/revisions\/8350"}],"wp:attachment":[{"href":"https:\/\/www.sbrunner.net\/index.php?rest_route=%2Fwp%2Fv2%2Fmedia&parent=8341"}],"wp:term":[{"taxonomy":"category","embeddable":true,"href":"https:\/\/www.sbrunner.net\/index.php?rest_route=%2Fwp%2Fv2%2Fcategories&post=8341"},{"taxonomy":"post_tag","embeddable":true,"href":"https:\/\/www.sbrunner.net\/index.php?rest_route=%2Fwp%2Fv2%2Ftags&post=8341"}],"curies":[{"name":"wp","href":"https:\/\/api.w.org\/{rel}","templated":true}]}}