{"id":8334,"date":"2016-10-10T22:18:08","date_gmt":"2016-10-10T20:18:08","guid":{"rendered":"http:\/\/www.sbrunner.net\/?p=8334"},"modified":"2016-10-10T22:18:08","modified_gmt":"2016-10-10T20:18:08","slug":"muenchen-venedig-etappe-23-rifugio-col-visentin-arfanta","status":"publish","type":"post","link":"https:\/\/www.sbrunner.net\/?p=8334","title":{"rendered":"M\u00fcnchen &#8211; Venedig Etappe 23: Rifugio Col Visentin &#8211; Arfanta"},"content":{"rendered":"<p>Hall\u00f6chen zusammen!<\/p>\n<p><strong>Zusammenfassung:<\/strong><br \/>\nAuf dieser Etappe verabschiedeten wir uns endg\u00fcltig von den Bergen. Nach einem sch\u00f6nen Abstieg bis zum Rifugio Pian de Femene war der Weg bis Revine etwas l\u00e4nglich &#8211; auch weil ein Teil davon die Stra\u00dfe entlang ging. Und in Revine waren wir dann in Italien angekommen und wanderten bei gr\u00f6\u00dfter Hitze weiter bis Arfanta.<\/p>\n<p><a href=\"http:\/\/www.2muve.de\/wp-content\/uploads\/2016\/10\/MuenchenVenedig_23_1.jpg\"><img loading=\"lazy\" decoding=\"async\" src=\"http:\/\/www.2muve.de\/wp-content\/uploads\/2016\/10\/MuenchenVenedig_23_1-300x200.jpg\" alt=\"muenchenvenedig_23_1\" width=\"300\" height=\"200\" class=\"alignnone size-medium wp-image-8701\" \/><\/a> <a href=\"http:\/\/www.2muve.de\/wp-content\/uploads\/2016\/10\/MuenchenVenedig_23_2.jpg\"><img loading=\"lazy\" decoding=\"async\" src=\"http:\/\/www.2muve.de\/wp-content\/uploads\/2016\/10\/MuenchenVenedig_23_2-300x200.jpg\" alt=\"muenchenvenedig_23_2\" width=\"300\" height=\"200\" class=\"alignnone size-medium wp-image-8702\" \/><\/a><\/p>\n<p><strong>Details:<\/strong><br \/>\nEin letztes Mal aus dem H\u00fcttenschlafsack kriechen, ein letztes Mal den Tag auf dem Berg begr\u00fc\u00dfen, ein letztes Mal absteigen. Wir hatten erstaunlich gut geschlafen in unserem letzten Lager. Ich war schon fr\u00fch wach und packte meine Sachen und ging in den Waschraum. Dort sortierte ich alles und packte richtig zusammen und machte mich fertig. Ich plauderte mit einer anderen muvelerin und dann kam auch Night Owl. Wir spazierten ein bisschen vor der H\u00fctte rum und gingen dann zum Fr\u00fchst\u00fcck. So gest\u00e4rkt konnte es losgehen.<\/p>\n<p><a href=\"http:\/\/www.2muve.de\/wp-content\/uploads\/2016\/10\/MuenchenVenedig_23_3.jpg\"><img loading=\"lazy\" decoding=\"async\" src=\"http:\/\/www.2muve.de\/wp-content\/uploads\/2016\/10\/MuenchenVenedig_23_3-300x200.jpg\" alt=\"muenchenvenedig_23_3\" width=\"300\" height=\"200\" class=\"alignnone size-medium wp-image-8703\" \/><\/a> <a href=\"http:\/\/www.2muve.de\/wp-content\/uploads\/2016\/10\/MuenchenVenedig_23_4.jpg\"><img loading=\"lazy\" decoding=\"async\" src=\"http:\/\/www.2muve.de\/wp-content\/uploads\/2016\/10\/MuenchenVenedig_23_4-300x200.jpg\" alt=\"muenchenvenedig_23_4\" width=\"300\" height=\"200\" class=\"alignnone size-medium wp-image-8704\" \/><\/a><br \/>\n<a href=\"http:\/\/www.2muve.de\/wp-content\/uploads\/2016\/10\/MuenchenVenedig_23_7.jpg\"><img loading=\"lazy\" decoding=\"async\" src=\"http:\/\/www.2muve.de\/wp-content\/uploads\/2016\/10\/MuenchenVenedig_23_7-300x200.jpg\" alt=\"muenchenvenedig_23_7\" width=\"300\" height=\"200\" class=\"alignnone size-medium wp-image-8707\" \/><\/a> <a href=\"http:\/\/www.2muve.de\/wp-content\/uploads\/2016\/10\/MuenchenVenedig_23_8.jpg\"><img loading=\"lazy\" decoding=\"async\" src=\"http:\/\/www.2muve.de\/wp-content\/uploads\/2016\/10\/MuenchenVenedig_23_8-300x200.jpg\" alt=\"muenchenvenedig_23_8\" width=\"300\" height=\"200\" class=\"alignnone size-medium wp-image-8708\" \/><\/a><\/p>\n<p>Es war bestes Wetter und wir spazierten den Fahrweg hinab. Der Weg f\u00fchrte \u00fcber Wiesenpfade und wider Erwarten mal auf und ab. Dabei hatten wir immer ein wundersch\u00f6nes Panorama ins Tal in Richtung Venedig und auch zur\u00fcck zu den Dolomiten. Wir liefen den muvelern vor uns nach und bogen so an den richtigen Stellen ab.<\/p>\n<p><a href=\"http:\/\/www.2muve.de\/wp-content\/uploads\/2016\/10\/MuenchenVenedig_23_5.jpg\"><img loading=\"lazy\" decoding=\"async\" src=\"http:\/\/www.2muve.de\/wp-content\/uploads\/2016\/10\/MuenchenVenedig_23_5-225x300.jpg\" alt=\"muenchenvenedig_23_5\" width=\"225\" height=\"300\" class=\"alignnone size-medium wp-image-8705\" \/><\/a> <a href=\"http:\/\/www.2muve.de\/wp-content\/uploads\/2016\/10\/MuenchenVenedig_23_6.jpg\"><img loading=\"lazy\" decoding=\"async\" src=\"http:\/\/www.2muve.de\/wp-content\/uploads\/2016\/10\/MuenchenVenedig_23_6-300x225.jpg\" alt=\"muenchenvenedig_23_6\" width=\"300\" height=\"225\" class=\"alignnone size-medium wp-image-8706\" \/><\/a><\/p>\n<p>Wir kamen zum Haus der Casere Cor und waren uns bei der Wegwahl manchmal unsicher. Nach Revine w\u00e4re es auch schon fr\u00fcher mal gegangen, in der Beschreibung war als n\u00e4chstes Ziel aber das Rifugio Pian de le Femene angegeben. Die gestrichelte Wegf\u00fchrung im Wanderf\u00fchrer, die diese H\u00fctte gar nicht mitnimmt, hatte ich erst lang nach unserer Wanderung entdeckt.<\/p>\n<p><a href=\"http:\/\/www.2muve.de\/wp-content\/uploads\/2016\/10\/MuenchenVenedig_23_9.jpg\"><img loading=\"lazy\" decoding=\"async\" src=\"http:\/\/www.2muve.de\/wp-content\/uploads\/2016\/10\/MuenchenVenedig_23_9-300x200.jpg\" alt=\"muenchenvenedig_23_9\" width=\"300\" height=\"200\" class=\"alignnone size-medium wp-image-8709\" \/><\/a> <a href=\"http:\/\/www.2muve.de\/wp-content\/uploads\/2016\/10\/MuenchenVenedig_23_10.jpg\"><img loading=\"lazy\" decoding=\"async\" src=\"http:\/\/www.2muve.de\/wp-content\/uploads\/2016\/10\/MuenchenVenedig_23_10-300x200.jpg\" alt=\"muenchenvenedig_23_10\" width=\"300\" height=\"200\" class=\"alignnone size-medium wp-image-8710\" \/><\/a><br \/>\n<a href=\"http:\/\/www.2muve.de\/wp-content\/uploads\/2016\/10\/MuenchenVenedig_23_11.jpg\"><img loading=\"lazy\" decoding=\"async\" src=\"http:\/\/www.2muve.de\/wp-content\/uploads\/2016\/10\/MuenchenVenedig_23_11-300x200.jpg\" alt=\"muenchenvenedig_23_11\" width=\"300\" height=\"200\" class=\"alignnone size-medium wp-image-8711\" \/><\/a> <a href=\"http:\/\/www.2muve.de\/wp-content\/uploads\/2016\/10\/MuenchenVenedig_23_12.jpg\"><img loading=\"lazy\" decoding=\"async\" src=\"http:\/\/www.2muve.de\/wp-content\/uploads\/2016\/10\/MuenchenVenedig_23_12-300x200.jpg\" alt=\"muenchenvenedig_23_12\" width=\"300\" height=\"200\" class=\"alignnone size-medium wp-image-8712\" \/><\/a><\/p>\n<p>Daher wanderten wir auf dem geplanten Weg weiter bis zum Rifugio Pian de le Femene. Bis dahin kamen wir immer mal wieder an H\u00fctten vorbei, an einem Weiher und waren auf sch\u00f6nen Wiesenpfaden unterwegs.<\/p>\n<p><a href=\"http:\/\/www.2muve.de\/wp-content\/uploads\/2016\/10\/MuenchenVenedig_23_13.jpg\"><img loading=\"lazy\" decoding=\"async\" src=\"http:\/\/www.2muve.de\/wp-content\/uploads\/2016\/10\/MuenchenVenedig_23_13-300x200.jpg\" alt=\"muenchenvenedig_23_13\" width=\"300\" height=\"200\" class=\"alignnone size-medium wp-image-8713\" \/><\/a> <a href=\"http:\/\/www.2muve.de\/wp-content\/uploads\/2016\/10\/MuenchenVenedig_23_14.jpg\"><img loading=\"lazy\" decoding=\"async\" src=\"http:\/\/www.2muve.de\/wp-content\/uploads\/2016\/10\/MuenchenVenedig_23_14-300x200.jpg\" alt=\"muenchenvenedig_23_14\" width=\"300\" height=\"200\" class=\"alignnone size-medium wp-image-8714\" \/><\/a><\/p>\n<p>Als wir das Rifugio dann erreicht hatten, waren wir in der Zivilisation angekommen. Das war scheinbar ein beliebter Treffpunkt f\u00fcr Biker, hier war einiges los. Wir machten kurz Pause und liefen dann ein ganze St\u00fcck die Stra\u00dfe entlang. Irgendwann entdeckten wir dann den Wanderweg 1033 und waren so weg von der Stra\u00dfe. Allerdings wurden wir hier einmal in die Irre gef\u00fchrt und liefen in die falsche Richtung. Wieder zur\u00fcck h\u00e4tte ich schon fast das Schild umgedreht, wir hatten aber dann doch eins in die richtige Richtung gefunden. So wanderten wir \u00fcber viele Kehren nach Revine.<\/p>\n<p><a href=\"http:\/\/www.2muve.de\/wp-content\/uploads\/2016\/10\/MuenchenVenedig_23_15.jpg\"><img loading=\"lazy\" decoding=\"async\" src=\"http:\/\/www.2muve.de\/wp-content\/uploads\/2016\/10\/MuenchenVenedig_23_15-200x300.jpg\" alt=\"muenchenvenedig_23_15\" width=\"200\" height=\"300\" class=\"alignnone size-medium wp-image-8715\" \/><\/a> <a href=\"http:\/\/www.2muve.de\/wp-content\/uploads\/2016\/10\/MuenchenVenedig_23_16.jpg\"><img loading=\"lazy\" decoding=\"async\" src=\"http:\/\/www.2muve.de\/wp-content\/uploads\/2016\/10\/MuenchenVenedig_23_16-300x200.jpg\" alt=\"muenchenvenedig_23_16\" width=\"300\" height=\"200\" class=\"alignnone size-medium wp-image-8716\" \/><\/a><\/p>\n<p>Mit Revine waren wir in einem sch\u00f6nen italienischen Dorf angekommen. Dort wollten wir Pause machen, allerdings fanden wir nirgends einen schattigen Platz. Im Tal war es sehr hei\u00df und in der Sonne wollten wir nicht sitzen. Daher liefen wir weiter in Richtung Lago di Maria. Dort fanden wir ein schattiges Pl\u00e4tzchen im Gras &#8211; allerdings wurden auch wir gefunden &#8211; von einem riesigen M\u00fcckenschwarm &#8211; und w\u00e4hrend unserer Pause ziemlich zerstochen.<\/p>\n<p><a href=\"http:\/\/www.2muve.de\/wp-content\/uploads\/2016\/10\/MuenchenVenedig_23_17.jpg\"><img loading=\"lazy\" decoding=\"async\" src=\"http:\/\/www.2muve.de\/wp-content\/uploads\/2016\/10\/MuenchenVenedig_23_17-300x225.jpg\" alt=\"muenchenvenedig_23_17\" width=\"300\" height=\"225\" class=\"alignnone size-medium wp-image-8717\" \/><\/a> <a href=\"http:\/\/www.2muve.de\/wp-content\/uploads\/2016\/10\/MuenchenVenedig_23_18.jpg\"><img loading=\"lazy\" decoding=\"async\" src=\"http:\/\/www.2muve.de\/wp-content\/uploads\/2016\/10\/MuenchenVenedig_23_18-300x200.jpg\" alt=\"muenchenvenedig_23_18\" width=\"300\" height=\"200\" class=\"alignnone size-medium wp-image-8718\" \/><\/a><\/p>\n<p>Daher liefen wir dann bald wieder weiter. Nun ging es die Stra\u00dfe entlang parallel zum See in Richtung Tarzo. Durch die Hitze zog sich der Weg. Es war sch\u00f6n, im typischen Italien angekommen zu sein. Etwas k\u00fchler h\u00e4tte es trotzdem sein d\u00fcrfen \ud83d\ude09 . In Tarzo angekommen liefen wir weiter die Stra\u00dfe entlang in Richtung Arfanta.<\/p>\n<p><a href=\"http:\/\/www.2muve.de\/wp-content\/uploads\/2016\/10\/MuenchenVenedig_23_19.jpg\"><img loading=\"lazy\" decoding=\"async\" src=\"http:\/\/www.2muve.de\/wp-content\/uploads\/2016\/10\/MuenchenVenedig_23_19-300x200.jpg\" alt=\"muenchenvenedig_23_19\" width=\"300\" height=\"200\" class=\"alignnone size-medium wp-image-8719\" \/><\/a> <a href=\"http:\/\/www.2muve.de\/wp-content\/uploads\/2016\/10\/MuenchenVenedig_23_20.jpg\"><img loading=\"lazy\" decoding=\"async\" src=\"http:\/\/www.2muve.de\/wp-content\/uploads\/2016\/10\/MuenchenVenedig_23_20-300x200.jpg\" alt=\"muenchenvenedig_23_20\" width=\"300\" height=\"200\" class=\"alignnone size-medium wp-image-8720\" \/><\/a><\/p>\n<p>Auch das zog sich und die zus\u00e4tzliche Stunde nach Arfanta war anstrengend, was vor allem daran lag, dass wir es einfach nicht gewohnt waren, bei so einer Hitze zu laufen. Irgendwann kam aber dann das Ortsschild von Arfanta und kurze Zeit sp\u00e4ter sahen wir auch schon den wundersch\u00f6nen Ort mit seinen Weinbergen.<\/p>\n<p><a href=\"http:\/\/www.2muve.de\/wp-content\/uploads\/2016\/10\/MuenchenVenedig_23_21.jpg\"><img loading=\"lazy\" decoding=\"async\" src=\"http:\/\/www.2muve.de\/wp-content\/uploads\/2016\/10\/MuenchenVenedig_23_21-225x300.jpg\" alt=\"muenchenvenedig_23_21\" width=\"225\" height=\"300\" class=\"alignnone size-medium wp-image-8721\" \/><\/a> <a href=\"http:\/\/www.2muve.de\/wp-content\/uploads\/2016\/10\/MuenchenVenedig_23_22.jpg\"><img loading=\"lazy\" decoding=\"async\" src=\"http:\/\/www.2muve.de\/wp-content\/uploads\/2016\/10\/MuenchenVenedig_23_22-300x200.jpg\" alt=\"muenchenvenedig_23_22\" width=\"300\" height=\"200\" class=\"alignnone size-medium wp-image-8722\" \/><\/a><\/p>\n<p>Wir bezogen unser Zimmer in einer edlen Pension und waren gl\u00fccklich, das Ziel erreicht zu haben. Das hatten wir uns f\u00fcr diesen Tag geg\u00f6nnt. Noch dazu hatten wir ein richtig sch\u00f6nes Zimmer mit Aussicht auf die Weinberge. <\/p>\n<p><a href=\"http:\/\/www.2muve.de\/wp-content\/uploads\/2016\/10\/MuenchenVenedig_23_23.jpg\"><img decoding=\"async\" src=\"http:\/\/www.2muve.de\/wp-content\/uploads\/2016\/10\/MuenchenVenedig_23_23.jpg\" alt=\"muenchenvenedig_23_23\" width=\"600\" class=\"alignnone size-medium wp-image-8723\" \/><\/a><\/p>\n<p>Zum Abendessen wurde dann extra f\u00fcr uns veganes Risotto gekocht, das wir nach einer gef\u00fcllten Tomate, die wir zur Vorspeise hatten, genossen. Das Tal hat doch gewisse Vorz\u00fcge \ud83d\ude09 .<\/p>\n<p><a href=\"http:\/\/www.2muve.de\/wp-content\/uploads\/2016\/10\/MuenchenVenedig_23_24.jpg\"><img decoding=\"async\" src=\"http:\/\/www.2muve.de\/wp-content\/uploads\/2016\/10\/MuenchenVenedig_23_24.jpg\" alt=\"muenchenvenedig_23_24\" width=\"700\" class=\"alignnone size-medium wp-image-8724\" \/><\/a><\/p>\n<p><strong>Erkenntnis des Tages:<\/strong><br \/>\nItalien ist hei\u00df!<\/p>\n<p><strong>Fazit:<\/strong><br \/>\nAuf dieser Etappe hatten wir den letzten Abstieg und sind im Italien mit seinen Weinbergen angekommen. Weder H\u00f6henmeter noch Distanz waren zu viel, aber die Hitze machte uns dann doch mehr zu schaffen, als wir dachten.<\/p>\n<p>Liebe Gr\u00fc\u00dfe,<br \/>\nSabine (Early Bird) \ud83d\ude42<\/p>\n","protected":false},"excerpt":{"rendered":"<p>Hall\u00f6chen zusammen! Zusammenfassung: Auf dieser Etappe verabschiedeten wir uns endg\u00fcltig von den Bergen. Nach einem sch\u00f6nen Abstieg bis zum Rifugio Pian de Femene war der Weg bis Revine etwas l\u00e4nglich &#8211; auch weil ein Teil davon die Stra\u00dfe entlang ging. Und in Revine waren wir dann in Italien angekommen und wanderten bei gr\u00f6\u00dfter Hitze weiter [&hellip;]<\/p>\n","protected":false},"author":4,"featured_media":0,"comment_status":"open","ping_status":"closed","sticky":false,"template":"","format":"standard","meta":{"footnotes":""},"categories":[1147],"tags":[1092,1266,1260,1261,1257,1259,1146,1258,1264,1263,1252,1262,1265,1091],"class_list":["post-8334","post","type-post","status-publish","format-standard","hentry","category-muenchen-venedig","tag-alpenueberquerung","tag-arfanta","tag-casere-cor","tag-casere-frascon","tag-col-visentin","tag-forcella-zoppei","tag-muenchen-venedig","tag-nevegal","tag-nogarolo","tag-revine","tag-rifugio-col-visentin","tag-rifugio-pian-de-femene","tag-tarzo","tag-traumpfad"],"_links":{"self":[{"href":"https:\/\/www.sbrunner.net\/index.php?rest_route=\/wp\/v2\/posts\/8334","targetHints":{"allow":["GET"]}}],"collection":[{"href":"https:\/\/www.sbrunner.net\/index.php?rest_route=\/wp\/v2\/posts"}],"about":[{"href":"https:\/\/www.sbrunner.net\/index.php?rest_route=\/wp\/v2\/types\/post"}],"author":[{"embeddable":true,"href":"https:\/\/www.sbrunner.net\/index.php?rest_route=\/wp\/v2\/users\/4"}],"replies":[{"embeddable":true,"href":"https:\/\/www.sbrunner.net\/index.php?rest_route=%2Fwp%2Fv2%2Fcomments&post=8334"}],"version-history":[{"count":5,"href":"https:\/\/www.sbrunner.net\/index.php?rest_route=\/wp\/v2\/posts\/8334\/revisions"}],"predecessor-version":[{"id":8339,"href":"https:\/\/www.sbrunner.net\/index.php?rest_route=\/wp\/v2\/posts\/8334\/revisions\/8339"}],"wp:attachment":[{"href":"https:\/\/www.sbrunner.net\/index.php?rest_route=%2Fwp%2Fv2%2Fmedia&parent=8334"}],"wp:term":[{"taxonomy":"category","embeddable":true,"href":"https:\/\/www.sbrunner.net\/index.php?rest_route=%2Fwp%2Fv2%2Fcategories&post=8334"},{"taxonomy":"post_tag","embeddable":true,"href":"https:\/\/www.sbrunner.net\/index.php?rest_route=%2Fwp%2Fv2%2Ftags&post=8334"}],"curies":[{"name":"wp","href":"https:\/\/api.w.org\/{rel}","templated":true}]}}