{"id":8326,"date":"2016-10-04T17:38:13","date_gmt":"2016-10-04T15:38:13","guid":{"rendered":"http:\/\/www.sbrunner.net\/?p=8326"},"modified":"2016-10-04T17:38:13","modified_gmt":"2016-10-04T15:38:13","slug":"muenchen-venedig-etappe-22-belluno-rifugio-col-visentin","status":"publish","type":"post","link":"https:\/\/www.sbrunner.net\/?p=8326","title":{"rendered":"M\u00fcnchen &#8211; Venedig Etappe 22: Belluno &#8211; Rifugio Col Visentin"},"content":{"rendered":"<p>Hall\u00f6chen zusammen!<\/p>\n<p><strong>Zusammenfassung:<\/strong><br \/>\nVon Belluno aus wanderten wir an diesem Tag dem Nevegal entgegen. Zuerst ging es durch Wald, dann erreichten wir ein Plateau und waren irritiert durch die ganzen Touristen. Dann ging&#8217;s wieder durch Wald weiter und schlie\u00dflich \u00fcber einen Wiesenhang zum Rifugio Col Visentin. Mit 1600 H\u00f6henmetern hatte es die letzte Bergetappe nochmal richtig in sich.<\/p>\n<p><a href=\"http:\/\/www.2muve.de\/wp-content\/uploads\/2016\/10\/MuenchenVenedig_22_1.jpg\"><img loading=\"lazy\" decoding=\"async\" src=\"http:\/\/www.2muve.de\/wp-content\/uploads\/2016\/10\/MuenchenVenedig_22_1-300x200.jpg\" alt=\"muenchenvenedig_22_1\" width=\"300\" height=\"200\" class=\"alignnone size-medium wp-image-8668\" \/><\/a> <a href=\"http:\/\/www.2muve.de\/wp-content\/uploads\/2016\/10\/MuenchenVenedig_22_2.jpg\"><img loading=\"lazy\" decoding=\"async\" src=\"http:\/\/www.2muve.de\/wp-content\/uploads\/2016\/10\/MuenchenVenedig_22_2-300x200.jpg\" alt=\"muenchenvenedig_22_2\" width=\"300\" height=\"200\" class=\"alignnone size-medium wp-image-8669\" \/><\/a><\/p>\n<p><strong>Details:<\/strong><\/p>\n<p>Ausgeruht wachten wir an diesem Morgen auf &#8211; der halbe Ruhetag hatte gut getan. Zum Fr\u00fchst\u00fcck gab&#8217;s sogar Sojamilch und damit zur Abwechslung mal kein Orangensaftm\u00fcsli \ud83d\ude09 . Wir waren also bestens vorbereitet f\u00fcr den letzten H\u00fcgel, die letzte Bergaufwanderung und das alles mit gem\u00fctlichen 1600 H\u00f6henmetern. Beim Blick Richtung Nevegal konnten wir nicht ganz glauben, dass das wirklich eine Tagesetappe sein soll.<\/p>\n<p><a href=\"http:\/\/www.2muve.de\/wp-content\/uploads\/2016\/10\/MuenchenVenedig_22_3.jpg\"><img loading=\"lazy\" decoding=\"async\" src=\"http:\/\/www.2muve.de\/wp-content\/uploads\/2016\/10\/MuenchenVenedig_22_3-300x200.jpg\" alt=\"muenchenvenedig_22_3\" width=\"300\" height=\"200\" class=\"alignnone size-medium wp-image-8670\" \/><\/a> <a href=\"http:\/\/www.2muve.de\/wp-content\/uploads\/2016\/10\/MuenchenVenedig_22_4.jpg\"><img loading=\"lazy\" decoding=\"async\" src=\"http:\/\/www.2muve.de\/wp-content\/uploads\/2016\/10\/MuenchenVenedig_22_4-300x200.jpg\" alt=\"muenchenvenedig_22_4\" width=\"300\" height=\"200\" class=\"alignnone size-medium wp-image-8671\" \/><\/a><\/p>\n<p>Dann wanderten wir los &#8211; zuerst durch Belluno durch, mit der Rolltreppe (ja, das musste sein \ud83d\ude09 ) nach unten und dann am Fluss entlang. Wir schauten uns immer wieder um und waren beeindruckt von dem sch\u00f6nen Anblick. Die Stadt vor den Bergen, noch dazu hatten wir bestes Wetter, das war ein tolles Bild. Wir liefen weiter und achteten auf die Wegweiser und hatten den Rother immer in der Hand. Wir wollten die Variante &#8222;auf schmalen Pfaden&#8220; w\u00e4hlen.<\/p>\n<p><a href=\"http:\/\/www.2muve.de\/wp-content\/uploads\/2016\/10\/MuenchenVenedig_22_5.jpg\"><img loading=\"lazy\" decoding=\"async\" src=\"http:\/\/www.2muve.de\/wp-content\/uploads\/2016\/10\/MuenchenVenedig_22_5-200x300.jpg\" alt=\"muenchenvenedig_22_5\" width=\"200\" height=\"300\" class=\"alignnone size-medium wp-image-8672\" \/><\/a> <a href=\"http:\/\/www.2muve.de\/wp-content\/uploads\/2016\/10\/MuenchenVenedig_22_6.jpg\"><img loading=\"lazy\" decoding=\"async\" src=\"http:\/\/www.2muve.de\/wp-content\/uploads\/2016\/10\/MuenchenVenedig_22_6-300x200.jpg\" alt=\"muenchenvenedig_22_6\" width=\"300\" height=\"200\" class=\"alignnone size-medium wp-image-8673\" \/><\/a><\/p>\n<p>Wir liefen durch einige \u00d6rtchen, auch schon an der Stra\u00dfe entlang. Das w\u00fcrden wir die kommenden Tage noch \u00f6fter haben \ud83d\ude09 . Es ging stetig bergauf, aber nie richtig anstrengend. Nach und nach wurde es ruhiger, wir liefen durch Caleipo und Sossai und lernten so schon das d\u00f6rfliche Italien kennen. Die Beschilderung f\u00fchrt \u00fcbrigens den alternativen Weg entlang, so dass wir gar nicht besonders aufpassen mussten.<\/p>\n<p><a href=\"http:\/\/www.2muve.de\/wp-content\/uploads\/2016\/10\/MuenchenVenedig_22_7.jpg\"><img loading=\"lazy\" decoding=\"async\" src=\"http:\/\/www.2muve.de\/wp-content\/uploads\/2016\/10\/MuenchenVenedig_22_7-200x300.jpg\" alt=\"muenchenvenedig_22_7\" width=\"200\" height=\"300\" class=\"alignnone size-medium wp-image-8674\" \/><\/a> <a href=\"http:\/\/www.2muve.de\/wp-content\/uploads\/2016\/10\/MuenchenVenedig_22_8.jpg\"><img loading=\"lazy\" decoding=\"async\" src=\"http:\/\/www.2muve.de\/wp-content\/uploads\/2016\/10\/MuenchenVenedig_22_8-300x200.jpg\" alt=\"muenchenvenedig_22_8\" width=\"300\" height=\"200\" class=\"alignnone size-medium wp-image-8675\" \/><\/a><\/p>\n<p>Nach einer Weile hie\u00df es, &#8222;wir kommen an einem einzelnen Haus vorbei&#8220; \ud83d\ude09 Und genau da ging es ganz unscheinbar in den Wald hinein. Und dann waren wir eine ganze Weile im Wald unterwegs. Wir kamen an einer Gumpe vorbei und stiegen \u00fcber den Pfad stetig bergauf. Sch\u00f6n war&#8217;s im Wald und wir hatten das Gef\u00fchl schon bald da zu sein. <\/p>\n<p><a href=\"http:\/\/www.2muve.de\/wp-content\/uploads\/2016\/10\/MuenchenVenedig_22_9.jpg\"><img decoding=\"async\" src=\"http:\/\/www.2muve.de\/wp-content\/uploads\/2016\/10\/MuenchenVenedig_22_9.jpg\" alt=\"muenchenvenedig_22_9\" width=\"700\" class=\"alignnone size-medium wp-image-8676\" \/><\/a><\/p>\n<p>Als wir dann aus dem Wald rauskamen, wurde uns aber schnell klar, dass wir eigentlich noch am Anfang waren. Pl\u00f6tzlich kamen eine Stra\u00dfe, ein Kreisverkehr und Menschen. Was war denn jetzt los? Gerade waren wir noch so sch\u00f6n in der Idylle unterwegs gewesen&#8230; Ein M\u00fcsliriegel und einen gro\u00dfen Schluck (Wasser \ud83d\ude09 ) sp\u00e4ter liefen wir weiter und versuchten uns so schnell wie m\u00f6glich zu entfernen. Wir fanden Schipistenreste, eine typische Apr\u00e8s Schi H\u00fctte und Wegweiser, die wir nicht recht einordnen konnten. <\/p>\n<p><a href=\"http:\/\/www.2muve.de\/wp-content\/uploads\/2016\/10\/MuenchenVenedig_22_10.jpg\"><img loading=\"lazy\" decoding=\"async\" src=\"http:\/\/www.2muve.de\/wp-content\/uploads\/2016\/10\/MuenchenVenedig_22_10-300x225.jpg\" alt=\"muenchenvenedig_22_10\" width=\"300\" height=\"225\" class=\"alignnone size-medium wp-image-8677\" \/><\/a> <\/p>\n<p>Nachdem wir ein St\u00fcck bergauf gewandert waren und den Haupttrubel hinter uns gelassen hatten, war es Zeit f\u00fcr Pause. Dieser kleine H\u00fcgel vor Belluno ist doch anstrengender als gedacht. Wir machten es uns im Gras bequem, schmierten unsere Brote und genossen. Wir hatten einen herrlichen Ausblick auf die Belluneser Dolomiten. Und weil&#8217;s so sch\u00f6n war, lagen wir noch eine ganze Weile im Gras rum und entspannten.<\/p>\n<p><a href=\"http:\/\/www.2muve.de\/wp-content\/uploads\/2016\/10\/MuenchenVenedig_22_11.jpg\"><img decoding=\"async\" src=\"http:\/\/www.2muve.de\/wp-content\/uploads\/2016\/10\/MuenchenVenedig_22_11.jpg\" alt=\"muenchenvenedig_22_11\" width=\"700\" class=\"alignnone size-medium wp-image-8678\" \/><\/a><\/p>\n<p>Da wir aber noch ein ganzes St\u00fcck vor uns hatten, rafften wir uns dann doch wieder zusammen und wanderten weiter. Zuerst ging es ein St\u00fcck recht steil bergauf, dann aber wieder gem\u00e4chlich weiter. Alles andere w\u00e4re jetzt auch nicht richtig gewesen, irgendwie waren wir von der Pause noch ziemlich tr\u00e4ge \ud83d\ude09 .<\/p>\n<p><a href=\"http:\/\/www.2muve.de\/wp-content\/uploads\/2016\/10\/MuenchenVenedig_22_12.jpg\"><img loading=\"lazy\" decoding=\"async\" src=\"http:\/\/www.2muve.de\/wp-content\/uploads\/2016\/10\/MuenchenVenedig_22_12-300x200.jpg\" alt=\"muenchenvenedig_22_12\" width=\"300\" height=\"200\" class=\"alignnone size-medium wp-image-8679\" \/><\/a> <a href=\"http:\/\/www.2muve.de\/wp-content\/uploads\/2016\/10\/MuenchenVenedig_22_13.jpg\"><img loading=\"lazy\" decoding=\"async\" src=\"http:\/\/www.2muve.de\/wp-content\/uploads\/2016\/10\/MuenchenVenedig_22_13-300x200.jpg\" alt=\"muenchenvenedig_22_13\" width=\"300\" height=\"200\" class=\"alignnone size-medium wp-image-8680\" \/><\/a><\/p>\n<p>Der Weg f\u00fchrte zum Gl\u00fcck wieder in den Wald, so dass es angenehm k\u00fchl war und wir munter plaudernd wandern konnten. Die Steigung war nun wirklich gering, so dass wir ganz gem\u00fctlich entlang wandern konnten. Manchmal hatten wir freien Blick und konnten das Rifugio Col Visentin schon sehen &#8211; mit seinen zahlreichen Antennen und Sch\u00fcsseln.<\/p>\n<p><a href=\"http:\/\/www.2muve.de\/wp-content\/uploads\/2016\/10\/MuenchenVenedig_22_14.jpg\"><img loading=\"lazy\" decoding=\"async\" src=\"http:\/\/www.2muve.de\/wp-content\/uploads\/2016\/10\/MuenchenVenedig_22_14-300x200.jpg\" alt=\"muenchenvenedig_22_14\" width=\"300\" height=\"200\" class=\"alignnone size-medium wp-image-8681\" \/><\/a> <a href=\"http:\/\/www.2muve.de\/wp-content\/uploads\/2016\/10\/MuenchenVenedig_22_15.jpg\"><img loading=\"lazy\" decoding=\"async\" src=\"http:\/\/www.2muve.de\/wp-content\/uploads\/2016\/10\/MuenchenVenedig_22_15-300x200.jpg\" alt=\"muenchenvenedig_22_15\" width=\"300\" height=\"200\" class=\"alignnone size-medium wp-image-8682\" \/><\/a><\/p>\n<p>Als wir aus dem Wald rauskamen, mussten wir den H\u00fcgel erst mal queren. Wir waren etwas unsicher, ob wir wirklich auf dem richtigen Weg waren, aber das musste das Rifugio schon sein. Und nun kam der anstrengende Teil &#8211; laut Rother ein gem\u00fctlicher Wiesenpfad, laut uns ein qu\u00e4lender Aufstieg. Es zieht sich und man hat das Rifugio vor Augen und nachdem es die ganze Zeit zuvor so flach war, war das jetzt unangenehm steil.<\/p>\n<p><a href=\"http:\/\/www.2muve.de\/wp-content\/uploads\/2016\/10\/MuenchenVenedig_22_18.jpg\"><img loading=\"lazy\" decoding=\"async\" src=\"http:\/\/www.2muve.de\/wp-content\/uploads\/2016\/10\/MuenchenVenedig_22_18-300x200.jpg\" alt=\"muenchenvenedig_22_18\" width=\"300\" height=\"200\" class=\"alignnone size-medium wp-image-8685\" \/><\/a> <a href=\"http:\/\/www.2muve.de\/wp-content\/uploads\/2016\/10\/MuenchenVenedig_22_16.jpg\"><img loading=\"lazy\" decoding=\"async\" src=\"http:\/\/www.2muve.de\/wp-content\/uploads\/2016\/10\/MuenchenVenedig_22_16-300x200.jpg\" alt=\"muenchenvenedig_22_16\" width=\"300\" height=\"200\" class=\"alignnone size-medium wp-image-8683\" \/><\/a><\/p>\n<p>Aber irgendwie waren wir an dem Tag auch m\u00fcde aufgelegt \ud83d\ude09 . Und wir schafften es dann auch doch noch zum Rifugio, wo wir uns dann ganz klassisch eine Cola und ein Fanta bestellten. Zusammen hatten wir dann jeweils einen Spezi \ud83d\ude09 . Es war noch fr\u00fcher Nachmittag, aber noch absteigen war uns zu viel. Wir blieben lieber auf der Terrasse sitzen und genossen den Ausblick.<\/p>\n<p><a href=\"http:\/\/www.2muve.de\/wp-content\/uploads\/2016\/10\/MuenchenVenedig_22_19.jpg\"><img loading=\"lazy\" decoding=\"async\" src=\"http:\/\/www.2muve.de\/wp-content\/uploads\/2016\/10\/MuenchenVenedig_22_19-300x200.jpg\" alt=\"muenchenvenedig_22_19\" width=\"300\" height=\"200\" class=\"alignnone size-medium wp-image-8686\" \/><\/a> <a href=\"http:\/\/www.2muve.de\/wp-content\/uploads\/2016\/10\/MuenchenVenedig_22_20.jpg\"><img loading=\"lazy\" decoding=\"async\" src=\"http:\/\/www.2muve.de\/wp-content\/uploads\/2016\/10\/MuenchenVenedig_22_20-300x200.jpg\" alt=\"muenchenvenedig_22_20\" width=\"300\" height=\"200\" class=\"alignnone size-medium wp-image-8687\" \/><\/a><\/p>\n<p>Es war etwas seltsam, dass kein bekanntes Gesicht da war. Wir lernten einige neue muveler kennen, vermissten es aber schon etwas in der alten Runde zu sein. Der Abend war trotzdem sch\u00f6n und von hier hatten wir auch die M\u00f6glichkeit, einen fantastischen Sonnenuntergang mitzuerleben. Und das war dann auch der perfekte Zeitpunkt um ins Bett zu gehen \ud83d\ude42 .<\/p>\n<p><strong>Erkenntnis des Tages:<\/strong><br \/>\nAuch ein &#8222;H\u00fcgel&#8220; kann anstrengend sein.<\/p>\n<p><strong>Fazit:<\/strong><br \/>\nGem\u00fctlich ging&#8217;s dahin auf den letzten H\u00fcgel auf unserer M\u00fcnchen-Venedig Wanderung. Das letzte Mal ein H\u00fcttenabend, das letzte Mal den H\u00fcttenschlafsack auspacken, das letzte Mal im Lager schlafen &#8211; und Venedig konnten wir mit dem Fernglas schon sehen \ud83d\ude42 .<\/p>\n<p>Liebe Gr\u00fc\u00dfe,<br \/>\nSabine (Early Bird) \ud83d\ude42<\/p>\n","protected":false},"excerpt":{"rendered":"<p>Hall\u00f6chen zusammen! Zusammenfassung: Von Belluno aus wanderten wir an diesem Tag dem Nevegal entgegen. Zuerst ging es durch Wald, dann erreichten wir ein Plateau und waren irritiert durch die ganzen Touristen. Dann ging&#8217;s wieder durch Wald weiter und schlie\u00dflich \u00fcber einen Wiesenhang zum Rifugio Col Visentin. Mit 1600 H\u00f6henmetern hatte es die letzte Bergetappe nochmal [&hellip;]<\/p>\n","protected":false},"author":4,"featured_media":0,"comment_status":"open","ping_status":"closed","sticky":false,"template":"","format":"standard","meta":{"footnotes":""},"categories":[1147],"tags":[1092,1254,1251,1255,1257,1146,1252,1253,1256,1091],"class_list":["post-8326","post","type-post","status-publish","format-standard","hentry","category-muenchen-venedig","tag-alpenueberquerung","tag-bar-la-grava","tag-belluno","tag-caleipo","tag-col-visentin","tag-muenchen-venedig","tag-rifugio-col-visentin","tag-san-mamante","tag-sossai","tag-traumpfad"],"_links":{"self":[{"href":"https:\/\/www.sbrunner.net\/index.php?rest_route=\/wp\/v2\/posts\/8326","targetHints":{"allow":["GET"]}}],"collection":[{"href":"https:\/\/www.sbrunner.net\/index.php?rest_route=\/wp\/v2\/posts"}],"about":[{"href":"https:\/\/www.sbrunner.net\/index.php?rest_route=\/wp\/v2\/types\/post"}],"author":[{"embeddable":true,"href":"https:\/\/www.sbrunner.net\/index.php?rest_route=\/wp\/v2\/users\/4"}],"replies":[{"embeddable":true,"href":"https:\/\/www.sbrunner.net\/index.php?rest_route=%2Fwp%2Fv2%2Fcomments&post=8326"}],"version-history":[{"count":6,"href":"https:\/\/www.sbrunner.net\/index.php?rest_route=\/wp\/v2\/posts\/8326\/revisions"}],"predecessor-version":[{"id":8332,"href":"https:\/\/www.sbrunner.net\/index.php?rest_route=\/wp\/v2\/posts\/8326\/revisions\/8332"}],"wp:attachment":[{"href":"https:\/\/www.sbrunner.net\/index.php?rest_route=%2Fwp%2Fv2%2Fmedia&parent=8326"}],"wp:term":[{"taxonomy":"category","embeddable":true,"href":"https:\/\/www.sbrunner.net\/index.php?rest_route=%2Fwp%2Fv2%2Fcategories&post=8326"},{"taxonomy":"post_tag","embeddable":true,"href":"https:\/\/www.sbrunner.net\/index.php?rest_route=%2Fwp%2Fv2%2Ftags&post=8326"}],"curies":[{"name":"wp","href":"https:\/\/api.w.org\/{rel}","templated":true}]}}