{"id":8306,"date":"2016-09-28T20:58:53","date_gmt":"2016-09-28T18:58:53","guid":{"rendered":"http:\/\/www.sbrunner.net\/?p=8306"},"modified":"2016-09-28T20:58:53","modified_gmt":"2016-09-28T18:58:53","slug":"muenchen-venedig-etappe-20-passo-duran-rifugio-pian-de-fontana","status":"publish","type":"post","link":"https:\/\/www.sbrunner.net\/?p=8306","title":{"rendered":"M\u00fcnchen &#8211; Venedig Etappe 20: Passo Duran &#8211; Rifugio Pian de Fontana"},"content":{"rendered":"<p>Hall\u00f6chen zusammen!<\/p>\n<p><strong>Zusammenfassung:<\/strong><br \/>\nDiese Etappe war unser letzter echter Dolomitentag und hat uns nochmal grandiose Ausblicke und beeindruckende Felsw\u00e4nde gezeigt. Wir wanderten in den Belluneser Dolomiten zuerst relativ flach, dann hoch zur Forcella de Zita Sud und wieder bergab. Ziel war das gem\u00fctliche Rifugio Pian de Fontana, das einen gelungen Abschluss f\u00fcr die Dolomitenetappen bildet.<\/p>\n<p><a href=\"http:\/\/www.2muve.de\/wp-content\/uploads\/2016\/09\/MuenchenVenedig_20_1.jpg\"><img loading=\"lazy\" decoding=\"async\" src=\"http:\/\/www.2muve.de\/wp-content\/uploads\/2016\/09\/MuenchenVenedig_20_1-300x200.jpg\" alt=\"muenchenvenedig_20_1\" width=\"300\" height=\"200\" class=\"alignnone size-medium wp-image-8603\" \/><\/a> <a href=\"http:\/\/www.2muve.de\/wp-content\/uploads\/2016\/09\/MuenchenVenedig_20_2.jpg\"><img loading=\"lazy\" decoding=\"async\" src=\"http:\/\/www.2muve.de\/wp-content\/uploads\/2016\/09\/MuenchenVenedig_20_2-300x200.jpg\" alt=\"muenchenvenedig_20_2\" width=\"300\" height=\"200\" class=\"alignnone size-medium wp-image-8604\" \/><\/a><\/p>\n<p><strong>Details:<\/strong><br \/>\nIm Rifugio San Sebastiano ging&#8217;s am Morgen gem\u00fctlich los. Der Fr\u00fchst\u00fccksraum befindet sich im Keller und dort warteten leckeres Brot und Obst auf uns. Wie am Abend zuvor sa\u00dfen wir alle zusammen an einem Tisch und starteten so ganz entspannt in den Tag. Wir packten unsere Sachen und dann sollte es losgehen. <\/p>\n<p><a href=\"http:\/\/www.2muve.de\/wp-content\/uploads\/2016\/09\/MuenchenVenedig_20_4.jpg\"><img loading=\"lazy\" decoding=\"async\" src=\"http:\/\/www.2muve.de\/wp-content\/uploads\/2016\/09\/MuenchenVenedig_20_4-300x225.jpg\" alt=\"muenchenvenedig_20_4\" width=\"300\" height=\"225\" class=\"alignnone size-medium wp-image-8606\" \/><\/a> <a href=\"http:\/\/www.2muve.de\/wp-content\/uploads\/2016\/09\/MuenchenVenedig_20_3.jpg\"><img loading=\"lazy\" decoding=\"async\" src=\"http:\/\/www.2muve.de\/wp-content\/uploads\/2016\/09\/MuenchenVenedig_20_3-300x200.jpg\" alt=\"muenchenvenedig_20_3\" width=\"300\" height=\"200\" class=\"alignnone size-medium wp-image-8605\" \/><\/a><\/p>\n<p>Im Rifugio San Sebastiano kann man sich ein Klettersteigset ausleihen, das f\u00fcr die Etappe \u00fcber die Schiara notwendig ist. Die Jungs und die Lehrerin planten die Etappe zu laufen und organisierten ein Set. Da wir den Klettersteig umgehen wollten und daher kein Set brauchten, zogen wir schon mal los.<\/p>\n<p><a href=\"http:\/\/www.2muve.de\/wp-content\/uploads\/2016\/09\/MuenchenVenedig_20_5.jpg\"><img loading=\"lazy\" decoding=\"async\" src=\"http:\/\/www.2muve.de\/wp-content\/uploads\/2016\/09\/MuenchenVenedig_20_5-300x200.jpg\" alt=\"muenchenvenedig_20_5\" width=\"300\" height=\"200\" class=\"alignnone size-medium wp-image-8607\" \/><\/a> <a href=\"http:\/\/www.2muve.de\/wp-content\/uploads\/2016\/09\/MuenchenVenedig_20_6.jpg\"><img loading=\"lazy\" decoding=\"async\" src=\"http:\/\/www.2muve.de\/wp-content\/uploads\/2016\/09\/MuenchenVenedig_20_6-300x200.jpg\" alt=\"muenchenvenedig_20_6\" width=\"300\" height=\"200\" class=\"alignnone size-medium wp-image-8608\" \/><\/a><\/p>\n<p>Der Anfang f\u00fchrt zwei Kilometer die Passstra\u00dfe entlang, ist also weniger sch\u00f6n. Es geht bis zum Kilometerschild &#8222;IV 42&#8220;, an dem man sich gut orientieren kann. Danach bogen wir in den Wald und waren wieder auf sch\u00f6nem Weg unterwegs und damit in den Belluneser Dolomiten. Am Anfang des Weges war eine Umleitung und ein Teil gesperrt, wir hatten uns aber gut zurecht gefunden. Wann wir auf der Forcella Dagarei standen, war uns aber nicht ganz klar. Als wir aus dem Wald rauskamen waren wir unterhalb der Cima del Castone. <\/p>\n<p><a href=\"http:\/\/www.2muve.de\/wp-content\/uploads\/2016\/09\/MuenchenVenedig_20_7.jpg\"><img loading=\"lazy\" decoding=\"async\" src=\"http:\/\/www.2muve.de\/wp-content\/uploads\/2016\/09\/MuenchenVenedig_20_7-300x200.jpg\" alt=\"muenchenvenedig_20_7\" width=\"300\" height=\"200\" class=\"alignnone size-medium wp-image-8609\" \/><\/a> <a href=\"http:\/\/www.2muve.de\/wp-content\/uploads\/2016\/09\/MuenchenVenedig_20_8.jpg\"><img loading=\"lazy\" decoding=\"async\" src=\"http:\/\/www.2muve.de\/wp-content\/uploads\/2016\/09\/MuenchenVenedig_20_8-300x200.jpg\" alt=\"muenchenvenedig_20_8\" width=\"300\" height=\"200\" class=\"alignnone size-medium wp-image-8610\" \/><\/a><\/p>\n<p>Wir wanderten \u00fcber Ger\u00f6ll und hatten eine wundersch\u00f6ne Aussicht. Nach einer Weile legten wir eine kurze Pause ein &#8211; es war einfach zu sch\u00f6n um weiterzugehen. Die Aussicht, das Blockfeld, die Dolomiten um uns, wir genossen es. Danach ging es weiter immer wieder mit ein bisschen Wald und Blockfeld.<\/p>\n<p><a href=\"http:\/\/www.2muve.de\/wp-content\/uploads\/2016\/09\/MuenchenVenedig_20_9.jpg\"><img loading=\"lazy\" decoding=\"async\" src=\"http:\/\/www.2muve.de\/wp-content\/uploads\/2016\/09\/MuenchenVenedig_20_9-200x300.jpg\" alt=\"muenchenvenedig_20_9\" width=\"200\" height=\"300\" class=\"alignnone size-medium wp-image-8611\" \/><\/a> <a href=\"http:\/\/www.2muve.de\/wp-content\/uploads\/2016\/09\/MuenchenVenedig_20_10.jpg\"><img loading=\"lazy\" decoding=\"async\" src=\"http:\/\/www.2muve.de\/wp-content\/uploads\/2016\/09\/MuenchenVenedig_20_10-300x200.jpg\" alt=\"muenchenvenedig_20_10\" width=\"300\" height=\"200\" class=\"alignnone size-medium wp-image-8612\" \/><\/a><\/p>\n<p>Nach einer Weile kamen wir zur Malga Moschesin. Laut Rother eine Notunterkunft mit einem Brunnen und der letzten Wasserquelle. Wasser fanden wir hier nicht, daher liefen wir nach kurzem Erkunden gleich weiter. Nun ging es ein St\u00fcck bergauf und damit tauchten wir in einen neuen Landschaftsabschnitt ein.<\/p>\n<p><a href=\"http:\/\/www.2muve.de\/wp-content\/uploads\/2016\/09\/MuenchenVenedig_20_11.jpg\"><img loading=\"lazy\" decoding=\"async\" src=\"http:\/\/www.2muve.de\/wp-content\/uploads\/2016\/09\/MuenchenVenedig_20_11-300x200.jpg\" alt=\"muenchenvenedig_20_11\" width=\"300\" height=\"200\" class=\"alignnone size-medium wp-image-8613\" \/><\/a> <a href=\"http:\/\/www.2muve.de\/wp-content\/uploads\/2016\/09\/MuenchenVenedig_20_12.jpg\"><img loading=\"lazy\" decoding=\"async\" src=\"http:\/\/www.2muve.de\/wp-content\/uploads\/2016\/09\/MuenchenVenedig_20_12-300x200.jpg\" alt=\"muenchenvenedig_20_12\" width=\"300\" height=\"200\" class=\"alignnone size-medium wp-image-8614\" \/><\/a><\/p>\n<p>Wir kamen zur Ruine des Forte di Forcella del Moschesin. Dort gab es auch Informationsschilder dazu. Interessant, wo \u00fcberall Spuren der Kriege zu finden sind. Wir wanderten weiter und kamen zu einem der sch\u00f6nsten Abschnitte der Etappe. Die Dolomiten zeigten sich uns nun nochmal in ihrer vollen Pracht!<\/p>\n<p><a href=\"http:\/\/www.2muve.de\/wp-content\/uploads\/2016\/09\/MuenchenVenedig_20_13.jpg\"><img loading=\"lazy\" decoding=\"async\" src=\"http:\/\/www.2muve.de\/wp-content\/uploads\/2016\/09\/MuenchenVenedig_20_13-300x200.jpg\" alt=\"muenchenvenedig_20_13\" width=\"300\" height=\"200\" class=\"alignnone size-medium wp-image-8615\" \/><\/a> <a href=\"http:\/\/www.2muve.de\/wp-content\/uploads\/2016\/09\/MuenchenVenedig_20_14.jpg\"><img loading=\"lazy\" decoding=\"async\" src=\"http:\/\/www.2muve.de\/wp-content\/uploads\/2016\/09\/MuenchenVenedig_20_14-300x200.jpg\" alt=\"muenchenvenedig_20_14\" width=\"300\" height=\"200\" class=\"alignnone size-medium wp-image-8616\" \/><\/a><\/p>\n<p>Wir wanderten gem\u00e4chlich weiter und machten viele Fotos. Das Panorama war wieder atemberaubend sch\u00f6n. An diesem letzten Dolomitentag mussten wir das nochmal richtig ausnutzen und die Landschaft genie\u00dfen &#8211; die anderen muveler \u00fcberholten uns hier wieder \ud83d\ude09 . Wir waren auf dem Dolomitenh\u00f6henweg 1 unterwegs und wurden immer wieder mit grandiosen Ausblicken belohnt.<\/p>\n<p><a href=\"http:\/\/www.2muve.de\/wp-content\/uploads\/2016\/09\/MuenchenVenedig_20_15.jpg\"><img loading=\"lazy\" decoding=\"async\" src=\"http:\/\/www.2muve.de\/wp-content\/uploads\/2016\/09\/MuenchenVenedig_20_15-300x200.jpg\" alt=\"muenchenvenedig_20_15\" width=\"300\" height=\"200\" class=\"alignnone size-medium wp-image-8617\" \/><\/a> <a href=\"http:\/\/www.2muve.de\/wp-content\/uploads\/2016\/09\/MuenchenVenedig_20_16.jpg\"><img loading=\"lazy\" decoding=\"async\" src=\"http:\/\/www.2muve.de\/wp-content\/uploads\/2016\/09\/MuenchenVenedig_20_16-300x200.jpg\" alt=\"muenchenvenedig_20_16\" width=\"300\" height=\"200\" class=\"alignnone size-medium wp-image-8618\" \/><\/a><\/p>\n<p>Nun ging es wieder in Kehren hoch. Ziel war die Forcella de Zita Sud. Der Aufstieg war anstrengend, wir machten aber so viele Fotopausen, dass das gar nicht schlimm war \ud83d\ude09 . Nach einer Weile erreichten wir ein Plateau, das Portela dei Pezedei, auf dem wir auch wieder auf die Jungs, die Lehrerin und die Bergziege trafen. Hier war der richtige Ort f\u00fcr die Mittagspause. Mit einem grandiosen Panorama a\u00dfen wir unsere Brotzeit und genossen die Landschaft.<\/p>\n<p><a href=\"http:\/\/www.2muve.de\/wp-content\/uploads\/2016\/09\/MuenchenVenedig_20_17.jpg\"><img loading=\"lazy\" decoding=\"async\" src=\"http:\/\/www.2muve.de\/wp-content\/uploads\/2016\/09\/MuenchenVenedig_20_17-300x200.jpg\" alt=\"muenchenvenedig_20_17\" width=\"300\" height=\"200\" class=\"alignnone size-medium wp-image-8619\" \/><\/a> <a href=\"http:\/\/www.2muve.de\/wp-content\/uploads\/2016\/09\/MuenchenVenedig_20_18.jpg\"><img loading=\"lazy\" decoding=\"async\" src=\"http:\/\/www.2muve.de\/wp-content\/uploads\/2016\/09\/MuenchenVenedig_20_18-300x168.jpg\" alt=\"muenchenvenedig_20_18\" width=\"300\" height=\"168\" class=\"alignnone size-medium wp-image-8620\" \/><\/a><\/p>\n<p>Nach der Pause ging es weiter und es war noch ein ganz sch\u00f6nes St\u00fcckchen bergauf. Wir wanderten \u00fcber Schotter und Felsen und kamen in Nebel. An einer Stelle rutschte ich etwas bl\u00f6d ab und schrammte mein linkes Bein auf &#8211; zum Gl\u00fcck war aber sonst nichts passiert. Wir konnten also entspannt weiterwandern.<\/p>\n<p><a href=\"http:\/\/www.2muve.de\/wp-content\/uploads\/2016\/09\/MuenchenVenedig_20_19.jpg\"><img loading=\"lazy\" decoding=\"async\" src=\"http:\/\/www.2muve.de\/wp-content\/uploads\/2016\/09\/MuenchenVenedig_20_19-300x225.jpg\" alt=\"muenchenvenedig_20_19\" width=\"300\" height=\"225\" class=\"alignnone size-medium wp-image-8621\" \/><\/a> <a href=\"http:\/\/www.2muve.de\/wp-content\/uploads\/2016\/09\/MuenchenVenedig_20_20.jpg\"><img loading=\"lazy\" decoding=\"async\" src=\"http:\/\/www.2muve.de\/wp-content\/uploads\/2016\/09\/MuenchenVenedig_20_20-300x200.jpg\" alt=\"muenchenvenedig_20_20\" width=\"300\" height=\"200\" class=\"alignnone size-medium wp-image-8622\" \/><\/a><\/p>\n<p>Durch den Nebel ging es die letzten H\u00f6henmeter nach oben. Durch die Felslandschaft und das begrenzte Sichtfeld war alles sehr mystisch. Als wir die Forcella de Zita Sud erreicht hatten, war die Sicht wieder klarer und wir konnten nach unten blicken. Von nun an ging es nur noch bergab.<\/p>\n<p><a href=\"http:\/\/www.2muve.de\/wp-content\/uploads\/2016\/09\/MuenchenVenedig_20_21.jpg\"><img loading=\"lazy\" decoding=\"async\" src=\"http:\/\/www.2muve.de\/wp-content\/uploads\/2016\/09\/MuenchenVenedig_20_21-300x200.jpg\" alt=\"muenchenvenedig_20_21\" width=\"300\" height=\"200\" class=\"alignnone size-medium wp-image-8623\" \/><\/a> <a href=\"http:\/\/www.2muve.de\/wp-content\/uploads\/2016\/09\/MuenchenVenedig_20_22.jpg\"><img loading=\"lazy\" decoding=\"async\" src=\"http:\/\/www.2muve.de\/wp-content\/uploads\/2016\/09\/MuenchenVenedig_20_22-300x200.jpg\" alt=\"muenchenvenedig_20_22\" width=\"300\" height=\"200\" class=\"alignnone size-medium wp-image-8624\" \/><\/a><\/p>\n<p>Umso weiter runter wir kamen, umso klarer wurde es. Und damit hatten wir wiederum eine traumhafte Landschaft um uns und das noch dazu in einem Gebiet, in dem sich die Murmeltiere sichtlich wohlf\u00fchlen. Als wir \u00fcber ein Plateau wanderten bekamen wir ein paar zu Gesicht, einer der Jungs legte sich sogar auf die Lauer und machte richtig sch\u00f6ne Murmeltierbilder. <\/p>\n<p><a href=\"http:\/\/www.2muve.de\/wp-content\/uploads\/2016\/09\/MuenchenVenedig_20_23.jpg\"><img loading=\"lazy\" decoding=\"async\" src=\"http:\/\/www.2muve.de\/wp-content\/uploads\/2016\/09\/MuenchenVenedig_20_23-300x225.jpg\" alt=\"muenchenvenedig_20_23\" width=\"300\" height=\"225\" class=\"alignnone size-medium wp-image-8625\" \/><\/a> <a href=\"http:\/\/www.2muve.de\/wp-content\/uploads\/2016\/09\/MuenchenVenedig_20_24.jpg\"><img loading=\"lazy\" decoding=\"async\" src=\"http:\/\/www.2muve.de\/wp-content\/uploads\/2016\/09\/MuenchenVenedig_20_24-300x200.jpg\" alt=\"muenchenvenedig_20_24\" width=\"300\" height=\"200\" class=\"alignnone size-medium wp-image-8626\" \/><\/a><\/p>\n<p>Das letzte St\u00fcck zum Rifugio Pian de Fonata war nochmal recht steil und wir hatten schon langsam keine Lust mehr auf bergab gehen. Zum Gl\u00fcck war die H\u00fctte nun schon in Sicht und als wir dann endlich ankamen, waren wir froh, den Abstieg geschafft zu haben. Und damit waren wir auf unserer letzten Dolomitenh\u00fctte angekommen, bezogen unser letztes Dolomitenlager und verbrachten den Nachmittag und Abend in einer traumhaften Landschaft! Die H\u00fctte ist urgem\u00fctlich und liegt genial, das Essen war sehr lecker und der Abend zusammen sehr sch\u00f6n. Und auch im Lager f\u00fchlten wir uns wohl. Das war ein gelungener Abschluss der Dolomitenetappen.<\/p>\n<p><a href=\"http:\/\/www.2muve.de\/wp-content\/uploads\/2016\/09\/MuenchenVenedig_20_25.jpg\"><img loading=\"lazy\" decoding=\"async\" src=\"http:\/\/www.2muve.de\/wp-content\/uploads\/2016\/09\/MuenchenVenedig_20_25-300x200.jpg\" alt=\"muenchenvenedig_20_25\" width=\"300\" height=\"200\" class=\"alignnone size-medium wp-image-8627\" \/><\/a><\/p>\n<p><strong>Erkenntnis des Tages:<\/strong><br \/>\nWir k\u00f6nnten noch ewig so weiterlaufen!<\/p>\n<p><strong>Fazit:<\/strong><br \/>\nDie f\u00fcr uns letzte Etappe in den Dolomiten war wundersch\u00f6n und bot nochmal zahlreiche H\u00f6hepunkte. Wir konnten uns nicht sattsehen und f\u00fchlten uns in der Gegend total wohl, so dass wir am Abend dann doch etwas wehm\u00fctig waren, diese traumhafte Landschaft am folgenden Tag zu verlassen.<\/p>\n<p>Liebe Gr\u00fc\u00dfe,<br \/>\nSabine (Early Bird) \ud83d\ude42<\/p>\n","protected":false},"excerpt":{"rendered":"<p>Hall\u00f6chen zusammen! Zusammenfassung: Diese Etappe war unser letzter echter Dolomitentag und hat uns nochmal grandiose Ausblicke und beeindruckende Felsw\u00e4nde gezeigt. Wir wanderten in den Belluneser Dolomiten zuerst relativ flach, dann hoch zur Forcella de Zita Sud und wieder bergab. Ziel war das gem\u00fctliche Rifugio Pian de Fontana, das einen gelungen Abschluss f\u00fcr die Dolomitenetappen bildet. [&hellip;]<\/p>\n","protected":false},"author":4,"featured_media":0,"comment_status":"open","ping_status":"closed","sticky":false,"template":"","format":"standard","meta":{"footnotes":""},"categories":[1147],"tags":[],"class_list":["post-8306","post","type-post","status-publish","format-standard","hentry","category-muenchen-venedig"],"_links":{"self":[{"href":"https:\/\/www.sbrunner.net\/index.php?rest_route=\/wp\/v2\/posts\/8306","targetHints":{"allow":["GET"]}}],"collection":[{"href":"https:\/\/www.sbrunner.net\/index.php?rest_route=\/wp\/v2\/posts"}],"about":[{"href":"https:\/\/www.sbrunner.net\/index.php?rest_route=\/wp\/v2\/types\/post"}],"author":[{"embeddable":true,"href":"https:\/\/www.sbrunner.net\/index.php?rest_route=\/wp\/v2\/users\/4"}],"replies":[{"embeddable":true,"href":"https:\/\/www.sbrunner.net\/index.php?rest_route=%2Fwp%2Fv2%2Fcomments&post=8306"}],"version-history":[{"count":4,"href":"https:\/\/www.sbrunner.net\/index.php?rest_route=\/wp\/v2\/posts\/8306\/revisions"}],"predecessor-version":[{"id":8324,"href":"https:\/\/www.sbrunner.net\/index.php?rest_route=\/wp\/v2\/posts\/8306\/revisions\/8324"}],"wp:attachment":[{"href":"https:\/\/www.sbrunner.net\/index.php?rest_route=%2Fwp%2Fv2%2Fmedia&parent=8306"}],"wp:term":[{"taxonomy":"category","embeddable":true,"href":"https:\/\/www.sbrunner.net\/index.php?rest_route=%2Fwp%2Fv2%2Fcategories&post=8306"},{"taxonomy":"post_tag","embeddable":true,"href":"https:\/\/www.sbrunner.net\/index.php?rest_route=%2Fwp%2Fv2%2Ftags&post=8306"}],"curies":[{"name":"wp","href":"https:\/\/api.w.org\/{rel}","templated":true}]}}