{"id":8231,"date":"2016-08-24T19:55:57","date_gmt":"2016-08-24T17:55:57","guid":{"rendered":"http:\/\/www.sbrunner.net\/?p=8231"},"modified":"2016-08-24T19:55:57","modified_gmt":"2016-08-24T17:55:57","slug":"muenchen-venedig-etappe-9-lizumer-huette-tuxer-joch-haus","status":"publish","type":"post","link":"https:\/\/www.sbrunner.net\/?p=8231","title":{"rendered":"M\u00fcnchen &#8211; Venedig Etappe 9: Lizumer H\u00fctte &#8211; Tuxer-Joch-Haus"},"content":{"rendered":"<p>Hall\u00f6chen zusammen!<\/p>\n<p><strong>Zusammenfassung:<\/strong><br \/>\nWundersch\u00f6ne Etappe in den Tuxer Alpen \u00fcber das Geierjoch und den Gsch\u00fctzspitzsattel zum Tuxer-Joch-Haus. Wir waren wegen Gewitterwarnung recht schnell unterwegs und schon mittags am Etappenziel. Dort sa\u00dfen wir eine ganze Weile im Gras und beobachteten etwas irritiert die Schifahrer, die auf dem Gletscher unterwegs waren.<\/p>\n<p><a href=\"http:\/\/www.2muve.de\/wp-content\/uploads\/2016\/08\/MuenchenVenedig_09_1.jpg\"><img loading=\"lazy\" decoding=\"async\" src=\"http:\/\/www.2muve.de\/wp-content\/uploads\/2016\/08\/MuenchenVenedig_09_1-300x225.jpg\" alt=\"MuenchenVenedig_09_1\" width=\"300\" height=\"225\" class=\"alignnone size-medium wp-image-8202\" \/><\/a> <a href=\"http:\/\/www.2muve.de\/wp-content\/uploads\/2016\/08\/MuenchenVenedig_09_2.jpg\"><img loading=\"lazy\" decoding=\"async\" src=\"http:\/\/www.2muve.de\/wp-content\/uploads\/2016\/08\/MuenchenVenedig_09_2-300x200.jpg\" alt=\"MuenchenVenedig_09_2\" width=\"300\" height=\"200\" class=\"alignnone size-medium wp-image-8203\" \/><\/a><\/p>\n<p><strong>Details:<\/strong><br \/>\nAn diesem Morgen mussten wir wieder fr\u00fch aufstehen, da f\u00fcr den Nachmittag Gewitter angesagt waren. Um halb sieben warteten wir auf das Fr\u00fchst\u00fcck und nachdem wir uns dann satt gegessen hatten, konnte es losgehen. Wir verabschiedeten uns von Night Owls Eltern und folgten dann dem Schild &#8222;M\u00fcnchen &#8211; Venedig 20 Tage&#8220;. Da sind wir wohl richtig \ud83d\ude09 . <\/p>\n<p><a href=\"http:\/\/www.2muve.de\/wp-content\/uploads\/2016\/08\/MuenchenVenedig_09_3.jpg\"><img loading=\"lazy\" decoding=\"async\" src=\"http:\/\/www.2muve.de\/wp-content\/uploads\/2016\/08\/MuenchenVenedig_09_3-300x225.jpg\" alt=\"MuenchenVenedig_09_3\" width=\"300\" height=\"225\" class=\"alignnone size-medium wp-image-8204\" \/><\/a> <a href=\"http:\/\/www.2muve.de\/wp-content\/uploads\/2016\/08\/MuenchenVenedig_09_4.jpg\"><img loading=\"lazy\" decoding=\"async\" src=\"http:\/\/www.2muve.de\/wp-content\/uploads\/2016\/08\/MuenchenVenedig_09_4-300x200.jpg\" alt=\"MuenchenVenedig_09_4\" width=\"300\" height=\"200\" class=\"alignnone size-medium wp-image-8205\" \/><\/a><\/p>\n<p>Das n\u00e4chste Schild war dann aber nicht so toll. Schon in der H\u00fctte hatten wir Diskussionen deswegen geh\u00f6rt, dass ein Teil gesperrt sei und ob man da wandern k\u00f6nne. Wir liefen weiter und wollten uns selber ein Bild machen. Im Nachhinein stellte sich auch heraus, dass dort ja der Geier genannt war und nicht das Geierjoch &#8211; auf die Geierspitze wollten wir gar nicht.<\/p>\n<p><a href=\"http:\/\/www.2muve.de\/wp-content\/uploads\/2016\/08\/MuenchenVenedig_09_5.jpg\"><img loading=\"lazy\" decoding=\"async\" src=\"http:\/\/www.2muve.de\/wp-content\/uploads\/2016\/08\/MuenchenVenedig_09_5-300x200.jpg\" alt=\"MuenchenVenedig_09_5\" width=\"300\" height=\"200\" class=\"alignnone size-medium wp-image-8206\" \/><\/a> <a href=\"http:\/\/www.2muve.de\/wp-content\/uploads\/2016\/08\/MuenchenVenedig_09_6.jpg\"><img loading=\"lazy\" decoding=\"async\" src=\"http:\/\/www.2muve.de\/wp-content\/uploads\/2016\/08\/MuenchenVenedig_09_6-300x200.jpg\" alt=\"MuenchenVenedig_09_6\" width=\"300\" height=\"200\" class=\"alignnone size-medium wp-image-8207\" \/><\/a><\/p>\n<p>Wir wanderten also los und liefen \u00fcber die Lizumer B\u00f6den. Anfangs waren wir auf Wiesenpfaden unterwegs und konnten zur\u00fcckblicken zur Lizumer H\u00fctte bis ins Karwendel. Wir kamen stetig h\u00f6her und der Weg wurde immer felsiger. Nun kamen wir in den Bereich, vor dem wir wegen der Warnung mehr Respekt hatten, als es sein m\u00fcsste. Der Weg f\u00fchlte sich aber gut und fest an und wir wanderten weiter und folgten den Markierungen.<\/p>\n<p><a href=\"http:\/\/www.2muve.de\/wp-content\/uploads\/2016\/08\/MuenchenVenedig_09_7.jpg\"><img loading=\"lazy\" decoding=\"async\" src=\"http:\/\/www.2muve.de\/wp-content\/uploads\/2016\/08\/MuenchenVenedig_09_7-300x200.jpg\" alt=\"MuenchenVenedig_09_7\" width=\"300\" height=\"200\" class=\"alignnone size-medium wp-image-8208\" \/><\/a> <a href=\"http:\/\/www.2muve.de\/wp-content\/uploads\/2016\/08\/MuenchenVenedig_09_8.jpg\"><img loading=\"lazy\" decoding=\"async\" src=\"http:\/\/www.2muve.de\/wp-content\/uploads\/2016\/08\/MuenchenVenedig_09_8-300x200.jpg\" alt=\"MuenchenVenedig_09_8\" width=\"300\" height=\"200\" class=\"alignnone size-medium wp-image-8209\" \/><\/a><\/p>\n<p>Nun mussten wir uns darauf konzentrieren, immer den Markierungen zu folgen. Durch Schneefelder und Felsen wanderten wir immer weiter. An einer Abzweigung nahmen wir zuerst den falschen Weg. Dieser h\u00e4tte zum Junsjoch gef\u00fchrt und auch davor wurde auf dem Schild gewarnt. Wir merkten hier auch, dass der Boden sehr locker war und drehten daher schon bald um. Nach etwas Suchen waren wir wieder auf dem richtigen Weg und stiegen weiter auf, bis wir auf dem Geierjoch waren.<\/p>\n<p><a href=\"http:\/\/www.2muve.de\/wp-content\/uploads\/2016\/08\/MuenchenVenedig_09_9.jpg\"><img loading=\"lazy\" decoding=\"async\" src=\"http:\/\/www.2muve.de\/wp-content\/uploads\/2016\/08\/MuenchenVenedig_09_9-300x200.jpg\" alt=\"MuenchenVenedig_09_9\" width=\"300\" height=\"200\" class=\"alignnone size-medium wp-image-8210\" \/><\/a> <\/p>\n<p>Und hier waren wir mitten in den Alpen angekommen. Es war wundersch\u00f6n und der Blick in alle Richtungen ein Genuss. Der Blogger, sein Kumpel und die Weltenbummlerin standen auch hier und machten eine Pause. Sie waren ohne Fr\u00fchst\u00fcck aufgebrochen und hatten das beim Aufstieg auch gemerkt. Wir machten auch eine kurze Pause und st\u00e4rkten uns mit einem M\u00fcsliriegel. Dann wanderten wir weiter und kamen so dem Junssee n\u00e4her. <\/p>\n<p><a href=\"http:\/\/www.2muve.de\/wp-content\/uploads\/2016\/08\/MuenchenVenedig_09_10.jpg\"><img decoding=\"async\" src=\"http:\/\/www.2muve.de\/wp-content\/uploads\/2016\/08\/MuenchenVenedig_09_10.jpg\" alt=\"MuenchenVenedig_09_10\" width=\"700\" class=\"alignnone size-medium wp-image-8211\" \/><\/a><\/p>\n<p>Wir wanderten von dort weiter in Richtung Gsch\u00fctzspitzsattel. Die Landschaft war so herrlich und wir bedauerten sehr, dass Gewitter angesagt waren und wir nicht einfach eine Weile hier bleiben konnten. Aber noch war es zu weit, um das schon richtig absch\u00e4tzen zu k\u00f6nnen. Daher liefen wir weiter durch die traumhafte Landschaft und blieben immer wieder stehen um Fotos zu machen und zu genie\u00dfen.<\/p>\n<p><a href=\"http:\/\/www.2muve.de\/wp-content\/uploads\/2016\/08\/MuenchenVenedig_09_11.jpg\"><img loading=\"lazy\" decoding=\"async\" src=\"http:\/\/www.2muve.de\/wp-content\/uploads\/2016\/08\/MuenchenVenedig_09_11-300x200.jpg\" alt=\"MuenchenVenedig_09_11\" width=\"300\" height=\"200\" class=\"alignnone size-medium wp-image-8212\" \/><\/a> <a href=\"http:\/\/www.2muve.de\/wp-content\/uploads\/2016\/08\/MuenchenVenedig_09_12.jpg\"><img loading=\"lazy\" decoding=\"async\" src=\"http:\/\/www.2muve.de\/wp-content\/uploads\/2016\/08\/MuenchenVenedig_09_12-300x200.jpg\" alt=\"MuenchenVenedig_09_12\" width=\"300\" height=\"200\" class=\"alignnone size-medium wp-image-8213\" \/><\/a><\/p>\n<p>Manchmal muss man einfach stehen bleiben und das alles auf sich wirken lassen. Das ist ein Genuss und jetzt in den Bergen f\u00fchlte sich das alles einfach wunderbar an. Als n\u00e4chstes kam nochmal ein kleines Schnee- und Ger\u00f6llfeld, \u00fcber das wir den Gsch\u00fctzspitzsattel bestiegen. Und dort stie\u00dfen wir wieder auf den Blogger und die beiden anderen. Wir schlossen uns den dreien an und machten hier eine Pause.<\/p>\n<p><a href=\"http:\/\/www.2muve.de\/wp-content\/uploads\/2016\/08\/MuenchenVenedig_09_13.jpg\"><img loading=\"lazy\" decoding=\"async\" src=\"http:\/\/www.2muve.de\/wp-content\/uploads\/2016\/08\/MuenchenVenedig_09_13-300x200.jpg\" alt=\"MuenchenVenedig_09_13\" width=\"300\" height=\"200\" class=\"alignnone size-medium wp-image-8214\" \/><\/a> <a href=\"http:\/\/www.2muve.de\/wp-content\/uploads\/2016\/08\/MuenchenVenedig_09_14.jpg\"><img loading=\"lazy\" decoding=\"async\" src=\"http:\/\/www.2muve.de\/wp-content\/uploads\/2016\/08\/MuenchenVenedig_09_14-300x200.jpg\" alt=\"MuenchenVenedig_09_14\" width=\"300\" height=\"200\" class=\"alignnone size-medium wp-image-8215\" \/><\/a><\/p>\n<p>Danach ging der Weg weiter \u00fcber zahlreiche Kehren bergab ins Weitental. Der Weg war ordentlich weggeschwemmt, so dass wir einigerma\u00dfen konzentriert laufen mussten. Nach zwei Drittel Strecke war das Gras am Rand so einladend, dass wir uns einfach reinfallen lie\u00dfen und nochmal den Ausblick genossen. Was f\u00fcr ein wundersch\u00f6ner Tag! Wir lie\u00dfen die anderen drei vorbeiziehen und liefen dann auch wieder los und so ging es, bis wir im Weitental am Wasserfall angekommen waren. Dort machten wir nun noch eine l\u00e4ngere Pause, da nur noch eine Stunde Weg vor uns lag und das Wetter immer noch gut aussah.<\/p>\n<p><a href=\"http:\/\/www.2muve.de\/wp-content\/uploads\/2016\/08\/MuenchenVenedig_09_15.jpg\"><img loading=\"lazy\" decoding=\"async\" src=\"http:\/\/www.2muve.de\/wp-content\/uploads\/2016\/08\/MuenchenVenedig_09_15-300x200.jpg\" alt=\"MuenchenVenedig_09_15\" width=\"300\" height=\"200\" class=\"alignnone size-medium wp-image-8216\" \/><\/a> <a href=\"http:\/\/www.2muve.de\/wp-content\/uploads\/2016\/08\/MuenchenVenedig_09_16.jpg\"><img loading=\"lazy\" decoding=\"async\" src=\"http:\/\/www.2muve.de\/wp-content\/uploads\/2016\/08\/MuenchenVenedig_09_16-300x200.jpg\" alt=\"MuenchenVenedig_09_16\" width=\"300\" height=\"200\" class=\"alignnone size-medium wp-image-8217\" \/><\/a><\/p>\n<p>Nach unserer Pause folgten wir dem Pfad, auf dem uns auch zahlreiche Tagestouristen entgegen kamen. Es ging nochmal ein St\u00fcck bergauf und da lag auch schon das Tuxer-Joch-Haus. Dort angekommen wartete die Bergziege, die schon fr\u00fch am Morgen aufgebrochen war. Wir hatten hier keine Pl\u00e4tze reserviert und die H\u00fctte war auch komplett ausgebucht. Daher lie\u00dfen wir uns auf die Warteliste setzen und machten es uns drau\u00dfen auf der Wiese bequem &#8211; das Wetter war noch immer gut. Und da gesellten sich die zwei Physiker zu uns, die uns schon den ganzen Tag immer wieder begegnet waren.<\/p>\n<p><a href=\"http:\/\/www.2muve.de\/wp-content\/uploads\/2016\/08\/MuenchenVenedig_09_17.jpg\"><img loading=\"lazy\" decoding=\"async\" src=\"http:\/\/www.2muve.de\/wp-content\/uploads\/2016\/08\/MuenchenVenedig_09_17-300x200.jpg\" alt=\"MuenchenVenedig_09_17\" width=\"300\" height=\"200\" class=\"alignnone size-medium wp-image-8218\" \/><\/a> <a href=\"http:\/\/www.2muve.de\/wp-content\/uploads\/2016\/08\/MuenchenVenedig_09_19.jpg\"><img loading=\"lazy\" decoding=\"async\" src=\"http:\/\/www.2muve.de\/wp-content\/uploads\/2016\/08\/MuenchenVenedig_09_19-300x200.jpg\" alt=\"MuenchenVenedig_09_19\" width=\"300\" height=\"200\" class=\"alignnone size-medium wp-image-8220\" \/><\/a><\/p>\n<p>Auch die Wanderin mit dem Hund kam nach einer Weile und wir lagen noch immer in der Wiese, plauderten und genossen. Etwas irritierend war der Blick auf den Gletscher, auf dem Schifahrer unterwegs waren, w\u00e4hrend wir hier mit kurzer Hose und kurz\u00e4rmlig sa\u00dfen. Das Wetter war noch immer sch\u00f6n. Nach einer Weile entschieden wir uns, die Rucks\u00e4cke reinzubringen und die Gegend noch ein bisschen zu erkunden. So machten wir unseren ersten &#8222;Feierabendspaziergang&#8220; und waren da doch ganz froh, dass es nicht regnete.<\/p>\n<p><a href=\"http:\/\/www.2muve.de\/wp-content\/uploads\/2016\/08\/MuenchenVenedig_09_18.jpg\"><img loading=\"lazy\" decoding=\"async\" src=\"http:\/\/www.2muve.de\/wp-content\/uploads\/2016\/08\/MuenchenVenedig_09_18-200x300.jpg\" alt=\"MuenchenVenedig_09_18\" width=\"200\" height=\"300\" class=\"alignnone size-medium wp-image-8219\" \/><\/a> <a href=\"http:\/\/www.2muve.de\/wp-content\/uploads\/2016\/08\/MuenchenVenedig_09_20.jpg\"><img loading=\"lazy\" decoding=\"async\" src=\"http:\/\/www.2muve.de\/wp-content\/uploads\/2016\/08\/MuenchenVenedig_09_20-200x300.jpg\" alt=\"MuenchenVenedig_09_20\" width=\"200\" height=\"300\" class=\"alignnone size-medium wp-image-8221\" \/><\/a><\/p>\n<p>Am Abend sa\u00dfen &#8222;wir&#8220; muveler dann verteilt auf zwei Tische im Tuxer-Joch-Haus. Bei uns sa\u00dfen zwei Straubingerinnen und ein weiterer muveler, die wir auch schon auf der Lizumer kennengelernt hatten, und die Physiker. Wir waren aber etwas tr\u00e4ge und froh, als wir endlich Lagerpl\u00e4tze hatten. In einem Zimmer hatten sie noch drei Matratzen dazugelegt, was absolut ok war. Wir gingen noch ein bisschen spazieren &#8211; das Gewitter war immer noch nicht da &#8211; und dann schon fr\u00fch ins Lager.<\/p>\n<p><a href=\"http:\/\/www.2muve.de\/wp-content\/uploads\/2016\/08\/MuenchenVenedig_09_21.jpg\"><img loading=\"lazy\" decoding=\"async\" src=\"http:\/\/www.2muve.de\/wp-content\/uploads\/2016\/08\/MuenchenVenedig_09_21-300x200.jpg\" alt=\"MuenchenVenedig_09_21\" width=\"300\" height=\"200\" class=\"alignnone size-medium wp-image-8222\" \/><\/a> <a href=\"http:\/\/www.2muve.de\/wp-content\/uploads\/2016\/08\/MuenchenVenedig_09_22.jpg\"><img loading=\"lazy\" decoding=\"async\" src=\"http:\/\/www.2muve.de\/wp-content\/uploads\/2016\/08\/MuenchenVenedig_09_22-300x200.jpg\" alt=\"MuenchenVenedig_09_22\" width=\"300\" height=\"200\" class=\"alignnone size-medium wp-image-8223\" \/><\/a><\/p>\n<p><strong>Erkenntnis des Tages:<\/strong><br \/>\nDer sportliche Ehrgeiz r\u00fcckt in den Hintergrund und der Wunsch nach Zeit zum Genie\u00dfen in den Vordergrund.<\/p>\n<p><a href=\"http:\/\/www.2muve.de\/wp-content\/uploads\/2016\/08\/MuenchenVenedig_09_23.jpg\"><img loading=\"lazy\" decoding=\"async\" src=\"http:\/\/www.2muve.de\/wp-content\/uploads\/2016\/08\/MuenchenVenedig_09_23-300x200.jpg\" alt=\"MuenchenVenedig_09_23\" width=\"300\" height=\"200\" class=\"alignnone size-medium wp-image-8224\" \/><\/a> <a href=\"http:\/\/www.2muve.de\/wp-content\/uploads\/2016\/08\/MuenchenVenedig_09_24.jpg\"><img loading=\"lazy\" decoding=\"async\" src=\"http:\/\/www.2muve.de\/wp-content\/uploads\/2016\/08\/MuenchenVenedig_09_24-300x200.jpg\" alt=\"MuenchenVenedig_09_24\" width=\"300\" height=\"200\" class=\"alignnone size-medium wp-image-8225\" \/><\/a><\/p>\n<p><strong>Fazit:<\/strong><br \/>\nDie Etappe ist landschaftlich sehr sch\u00f6n und auch wenn der Aufstieg zum Geierjoch anstrengend ist, wird man danach um ein Vielfaches daf\u00fcr belohnt. Man sollte sich unbedingt die Zeit nehmen und an mehreren Orten Pause machen und genie\u00dfen. Auch wenn wir schnell unterwegs sein mussten, war die Wanderung wundersch\u00f6n.<\/p>\n<p>Liebe Gr\u00fc\u00dfe,<br \/>\nSabine (Early Bird) \ud83d\ude42<\/p>\n","protected":false},"excerpt":{"rendered":"<p>Hall\u00f6chen zusammen! Zusammenfassung: Wundersch\u00f6ne Etappe in den Tuxer Alpen \u00fcber das Geierjoch und den Gsch\u00fctzspitzsattel zum Tuxer-Joch-Haus. Wir waren wegen Gewitterwarnung recht schnell unterwegs und schon mittags am Etappenziel. Dort sa\u00dfen wir eine ganze Weile im Gras und beobachteten etwas irritiert die Schifahrer, die auf dem Gletscher unterwegs waren. Details: An diesem Morgen mussten wir [&hellip;]<\/p>\n","protected":false},"author":4,"featured_media":0,"comment_status":"open","ping_status":"closed","sticky":false,"template":"","format":"standard","meta":{"footnotes":""},"categories":[1147],"tags":[1092,1177,1179,1178,1173,1146,1091,1176,1181,1180],"class_list":["post-8231","post","type-post","status-publish","format-standard","hentry","category-muenchen-venedig","tag-alpenueberquerung","tag-geierjoch","tag-gschuetzspitzsattel","tag-junssee","tag-lizumer-huette","tag-muenchen-venedig","tag-traumpfad","tag-tuxer-alpen","tag-tuxer-joch-haus","tag-weitental"],"_links":{"self":[{"href":"https:\/\/www.sbrunner.net\/index.php?rest_route=\/wp\/v2\/posts\/8231","targetHints":{"allow":["GET"]}}],"collection":[{"href":"https:\/\/www.sbrunner.net\/index.php?rest_route=\/wp\/v2\/posts"}],"about":[{"href":"https:\/\/www.sbrunner.net\/index.php?rest_route=\/wp\/v2\/types\/post"}],"author":[{"embeddable":true,"href":"https:\/\/www.sbrunner.net\/index.php?rest_route=\/wp\/v2\/users\/4"}],"replies":[{"embeddable":true,"href":"https:\/\/www.sbrunner.net\/index.php?rest_route=%2Fwp%2Fv2%2Fcomments&post=8231"}],"version-history":[{"count":7,"href":"https:\/\/www.sbrunner.net\/index.php?rest_route=\/wp\/v2\/posts\/8231\/revisions"}],"predecessor-version":[{"id":8238,"href":"https:\/\/www.sbrunner.net\/index.php?rest_route=\/wp\/v2\/posts\/8231\/revisions\/8238"}],"wp:attachment":[{"href":"https:\/\/www.sbrunner.net\/index.php?rest_route=%2Fwp%2Fv2%2Fmedia&parent=8231"}],"wp:term":[{"taxonomy":"category","embeddable":true,"href":"https:\/\/www.sbrunner.net\/index.php?rest_route=%2Fwp%2Fv2%2Fcategories&post=8231"},{"taxonomy":"post_tag","embeddable":true,"href":"https:\/\/www.sbrunner.net\/index.php?rest_route=%2Fwp%2Fv2%2Ftags&post=8231"}],"curies":[{"name":"wp","href":"https:\/\/api.w.org\/{rel}","templated":true}]}}