{"id":8226,"date":"2016-08-23T22:28:50","date_gmt":"2016-08-23T20:28:50","guid":{"rendered":"http:\/\/www.sbrunner.net\/?p=8226"},"modified":"2016-08-23T22:28:50","modified_gmt":"2016-08-23T20:28:50","slug":"muenchen-venedig-etappe-8-voldertalhuette-lizumer-huette","status":"publish","type":"post","link":"https:\/\/www.sbrunner.net\/?p=8226","title":{"rendered":"M\u00fcnchen &#8211; Venedig Etappe 8: Voldertalh\u00fctte &#8211; Lizumer H\u00fctte"},"content":{"rendered":"<p>Hall\u00f6chen zusammen!<\/p>\n<p><strong>Zusammenfassung:<\/strong><br \/>\nNach unseren entspannten Tagen kam nun endlich wieder eine richtige Etappe mit etwa 1400 H\u00f6henmetern. Und wir waren nun auch wieder fit unterwegs. Die F\u00fc\u00dfe machten kaum mehr Probleme und die Kondition war besser denn je. Dazu kamen wir endlich in etwas alpineres Gel\u00e4nde und f\u00fchlten uns dort richtig wohl. Dass wir schon eine Woche unterwegs waren, konnten wir bei all den Erlebnissen gar nicht glauben.<\/p>\n<p><a href=\"http:\/\/www.2muve.de\/wp-content\/uploads\/2016\/08\/MuenchenVenedig_08_1.jpg\"><img decoding=\"async\" src=\"http:\/\/www.2muve.de\/wp-content\/uploads\/2016\/08\/MuenchenVenedig_08_1.jpg\" alt=\"MuenchenVenedig_08_1\" width=\"700\" class=\"alignnone size-medium wp-image-8174\" \/><\/a><\/p>\n<p><strong>Details:<\/strong><br \/>\nDa f\u00fcr den Tag am Nachmittag Gewitter angesagt waren, fr\u00fchst\u00fcckten wir schon um halb sieben und packten fr\u00fch unsere Sachen zusammen. Es war dann aber doch so gem\u00fctlich, dass wir erst um halb acht richtig loskamen. Der Weg f\u00fchrte an einem Bach entlang das Voldertal relativ steil hinauf. Neben uns sahen wir die Gebirgskette, die wir entlang gewandert w\u00e4ren, wenn wir \u00fcber die vorgesehenen &#8222;seven TuXer summits&#8220; gewandert w\u00e4ren.<\/p>\n<p><a href=\"http:\/\/www.2muve.de\/wp-content\/uploads\/2016\/08\/MuenchenVenedig_08_2.jpg\"><img loading=\"lazy\" decoding=\"async\" src=\"http:\/\/www.2muve.de\/wp-content\/uploads\/2016\/08\/MuenchenVenedig_08_2-300x200.jpg\" alt=\"MuenchenVenedig_08_2\" width=\"300\" height=\"200\" class=\"alignnone size-medium wp-image-8175\" \/><\/a> <a href=\"http:\/\/www.2muve.de\/wp-content\/uploads\/2016\/08\/MuenchenVenedig_08_3.jpg\"><img loading=\"lazy\" decoding=\"async\" src=\"http:\/\/www.2muve.de\/wp-content\/uploads\/2016\/08\/MuenchenVenedig_08_3-300x225.jpg\" alt=\"MuenchenVenedig_08_3\" width=\"300\" height=\"225\" class=\"alignnone size-medium wp-image-8176\" \/><\/a><\/p>\n<p>Der H\u00fcttenwirt der Voldertalh\u00fctte hatte uns gewarnt, dass die Hubschrauber im Dauereinsatz sind und Leute vom Grat abholen und die Etappe nicht zu untersch\u00e4tzen sei. Bei angesagtem Gewitter war das sowieso keine Option und wir machten uns etwas Sorgen um die muveler, die trotz Gewittergefahr zur Glungezer H\u00fctte aufgestiegen waren.<\/p>\n<p><a href=\"http:\/\/www.2muve.de\/wp-content\/uploads\/2016\/08\/MuenchenVenedig_08_4.jpg\"><img loading=\"lazy\" decoding=\"async\" src=\"http:\/\/www.2muve.de\/wp-content\/uploads\/2016\/08\/MuenchenVenedig_08_4-300x200.jpg\" alt=\"MuenchenVenedig_08_4\" width=\"300\" height=\"200\" class=\"alignnone size-medium wp-image-8177\" \/><\/a> <a href=\"http:\/\/www.2muve.de\/wp-content\/uploads\/2016\/08\/MuenchenVenedig_08_5.jpg\"><img loading=\"lazy\" decoding=\"async\" src=\"http:\/\/www.2muve.de\/wp-content\/uploads\/2016\/08\/MuenchenVenedig_08_5-300x200.jpg\" alt=\"MuenchenVenedig_08_5\" width=\"300\" height=\"200\" class=\"alignnone size-medium wp-image-8178\" \/><\/a><\/p>\n<p>Wir aber wanderten durch das Voldertal und hatten neben uns B\u00e4che und viel Wasser. Laut Rother sei das das einzig Sch\u00f6ne der Etappe, was so aber nicht richtig ist. Die Umgebung ist wundersch\u00f6n und sind der Meinung, dass der Rother die Etappe viel zu unattraktiv beschreibt. Wir kamen immer h\u00f6her und konnten zur\u00fcck nach Hall ins Tal und ins Karwendel blicken. Neben uns tauchten immer wieder H\u00fctten von Almen auf und es war landschaftlich ein sehr reizvoller Weg.<\/p>\n<p><a href=\"http:\/\/www.2muve.de\/wp-content\/uploads\/2016\/08\/MuenchenVenedig_08_6.jpg\"><img loading=\"lazy\" decoding=\"async\" src=\"http:\/\/www.2muve.de\/wp-content\/uploads\/2016\/08\/MuenchenVenedig_08_6-300x200.jpg\" alt=\"MuenchenVenedig_08_6\" width=\"300\" height=\"200\" class=\"alignnone size-medium wp-image-8179\" \/><\/a> <a href=\"http:\/\/www.2muve.de\/wp-content\/uploads\/2016\/08\/MuenchenVenedig_08_7.jpg\"><img loading=\"lazy\" decoding=\"async\" src=\"http:\/\/www.2muve.de\/wp-content\/uploads\/2016\/08\/MuenchenVenedig_08_7-300x200.jpg\" alt=\"MuenchenVenedig_08_7\" width=\"300\" height=\"200\" class=\"alignnone size-medium wp-image-8180\" \/><\/a><\/p>\n<p>Ein H\u00f6hepunkt hier war die Steinkasernalm. Dort befindet sich ein Brunnen mit Getr\u00e4nken, die man per Selbstbedienung nehmen kann. Dort trafen wir uns alle wieder, die am Abend zuvor auf der Voldertalh\u00fctte waren, und machten gemeinsam eine Pause. Nach einem M\u00fcsliriegel liefen wir dann wieder los. Das n\u00e4chste Ziel war das Naviser J\u00f6chl.<\/p>\n<p><a href=\"http:\/\/www.2muve.de\/wp-content\/uploads\/2016\/08\/MuenchenVenedig_08_8.jpg\"><img loading=\"lazy\" decoding=\"async\" src=\"http:\/\/www.2muve.de\/wp-content\/uploads\/2016\/08\/MuenchenVenedig_08_8-300x200.jpg\" alt=\"MuenchenVenedig_08_8\" width=\"300\" height=\"200\" class=\"alignnone size-medium wp-image-8181\" \/><\/a> <a href=\"http:\/\/www.2muve.de\/wp-content\/uploads\/2016\/08\/MuenchenVenedig_08_10.jpg\"><img loading=\"lazy\" decoding=\"async\" src=\"http:\/\/www.2muve.de\/wp-content\/uploads\/2016\/08\/MuenchenVenedig_08_10-300x200.jpg\" alt=\"MuenchenVenedig_08_10\" width=\"300\" height=\"200\" class=\"alignnone size-medium wp-image-8182\" \/><\/a><\/p>\n<p>Es wurde nochmal steil, wir \u00fcberquerten einige B\u00e4che und es wurde immer felsiger und damit auch alpiner. Nun waren wir also immer \u00fcber 2000m unterwegs und das war schon noch ein besonderes Gef\u00fchl. Der Aufstieg zum Naviser J\u00f6chl war nochmal anstrengend, es hatte sich aber gelohnt. Auch wenn das Wetter nicht so gut war hatten wir einen sch\u00f6nen Ausblick zur\u00fcck. Dort machten wir nochmal eine kurze Pause und da tauchte pl\u00f6tzlich die Bergziege auf, die auf der Glungezer H\u00fctte \u00fcbernachtet hatte. Als einzige war sie die &#8222;normale&#8220; Etappe gelaufen, der Rest von der Glungezer hatte die Schlechtwettervariante von dort gew\u00e4hlt. Wir waren froh, sie zu sehen und zu wissen, dass damit alle auf sicherem Weg unterwegs waren.<\/p>\n<p><a href=\"http:\/\/www.2muve.de\/wp-content\/uploads\/2016\/08\/MuenchenVenedig_08_11.jpg\"><img loading=\"lazy\" decoding=\"async\" src=\"http:\/\/www.2muve.de\/wp-content\/uploads\/2016\/08\/MuenchenVenedig_08_11-300x225.jpg\" alt=\"MuenchenVenedig_08_11\" width=\"300\" height=\"225\" class=\"alignnone size-medium wp-image-8183\" \/><\/a> <a href=\"http:\/\/www.2muve.de\/wp-content\/uploads\/2016\/08\/MuenchenVenedig_08_12.jpg\"><img loading=\"lazy\" decoding=\"async\" src=\"http:\/\/www.2muve.de\/wp-content\/uploads\/2016\/08\/MuenchenVenedig_08_12-300x200.jpg\" alt=\"MuenchenVenedig_08_12\" width=\"300\" height=\"200\" class=\"alignnone size-medium wp-image-8184\" \/><\/a><\/p>\n<p>Wir wanderten nun weiter auf dem Via Alpina. Damit waren wir in milit\u00e4rischem Sperrgebiet. Im Wanderf\u00fchrer wird schon gewarnt, dass man sich informieren solle, wann denn Schie\u00df\u00fcbungen seien. Die waren zwar schon vorbei, es war aber trotzdem ein komisches Gef\u00fchl. Wir blieben brav auf den Wegen und schauten neugierig umher, ob wir irgendwelche Spuren sehen konnten.<\/p>\n<p><a href=\"http:\/\/www.2muve.de\/wp-content\/uploads\/2016\/08\/MuenchenVenedig_08_13.jpg\"><img loading=\"lazy\" decoding=\"async\" src=\"http:\/\/www.2muve.de\/wp-content\/uploads\/2016\/08\/MuenchenVenedig_08_13-300x200.jpg\" alt=\"MuenchenVenedig_08_13\" width=\"300\" height=\"200\" class=\"alignnone size-medium wp-image-8185\" \/><\/a> <a href=\"http:\/\/www.2muve.de\/wp-content\/uploads\/2016\/08\/MuenchenVenedig_08_14.jpg\"><img loading=\"lazy\" decoding=\"async\" src=\"http:\/\/www.2muve.de\/wp-content\/uploads\/2016\/08\/MuenchenVenedig_08_14-300x200.jpg\" alt=\"MuenchenVenedig_08_14\" width=\"300\" height=\"200\" class=\"alignnone size-medium wp-image-8186\" \/><\/a><\/p>\n<p>Ein St\u00fcck weiter tauchte dann ein Gipfelkreuz auf. Wir z\u00f6gerten nicht lange und bogen ab zur Naviser Sonnenspitze (2619m). Das war nochmal ein Spa\u00df \ud83d\ude42 Wir beobachteten die anderen, aber niemand folgte uns. Egal, wir genossen es, nochmal etwas Felskontakt zu haben. Oben angekommen gab es dann aber keinen wirklichen Weg mehr. Wir \u00fcberpr\u00fcften es auf der Karte und tats\u00e4chlich &#8211; eine Sackgasse. Also wieder umkehren. Das war \u00fcbrigens das erste Mal, dass wir eine unserer Karten benutzten \ud83d\ude09 . <\/p>\n<p><a href=\"http:\/\/www.2muve.de\/wp-content\/uploads\/2016\/08\/MuenchenVenedig_08_16.jpg\"><img loading=\"lazy\" decoding=\"async\" src=\"http:\/\/www.2muve.de\/wp-content\/uploads\/2016\/08\/MuenchenVenedig_08_16-300x200.jpg\" alt=\"MuenchenVenedig_08_16\" width=\"300\" height=\"200\" class=\"alignnone size-medium wp-image-8187\" \/><\/a> <a href=\"http:\/\/www.2muve.de\/wp-content\/uploads\/2016\/08\/MuenchenVenedig_08_17.jpg\"><img loading=\"lazy\" decoding=\"async\" src=\"http:\/\/www.2muve.de\/wp-content\/uploads\/2016\/08\/MuenchenVenedig_08_17-300x200.jpg\" alt=\"MuenchenVenedig_08_17\" width=\"300\" height=\"200\" class=\"alignnone size-medium wp-image-8188\" \/><\/a><\/p>\n<p>Also wanderten wir wieder zur\u00fcck zum normalen Weg und hatten damit alle vorgelassen. Nun f\u00fchrte der Weg \u00fcber leichtes Auf und Ab vor allem bergab in einer traumhaften H\u00fcgellandschaft. Wenn ich mal in Neuseeland oder Schottland gewesen w\u00e4re, w\u00fcrde jetzt sicher einen Vergleich anstellen. Aber so ist das f\u00fcr mich einfach die wundersch\u00f6ne Landschaft der Tuxer Alpen \ud83d\ude09 . Nach einer Weile machten wir dann zusammen mit der Weltenbummlerin Pause, danach stie\u00df noch die Hundedame zu uns und der Fotograf, den wir am Vortag auf der Voldertalh\u00fctte kennengelernt hatten. <\/p>\n<p><a href=\"http:\/\/www.2muve.de\/wp-content\/uploads\/2016\/08\/MuenchenVenedig_08_18.jpg\"><img loading=\"lazy\" decoding=\"async\" src=\"http:\/\/www.2muve.de\/wp-content\/uploads\/2016\/08\/MuenchenVenedig_08_18-300x225.jpg\" alt=\"MuenchenVenedig_08_18\" width=\"300\" height=\"225\" class=\"alignnone size-medium wp-image-8189\" \/><\/a> <a href=\"http:\/\/www.2muve.de\/wp-content\/uploads\/2016\/08\/MuenchenVenedig_08_19.jpg\"><img loading=\"lazy\" decoding=\"async\" src=\"http:\/\/www.2muve.de\/wp-content\/uploads\/2016\/08\/MuenchenVenedig_08_19-300x200.jpg\" alt=\"MuenchenVenedig_08_19\" width=\"300\" height=\"200\" class=\"alignnone size-medium wp-image-8190\" \/><\/a><\/p>\n<p>Nach der Pause wanderten wir weiter und pl\u00f6tzlich h\u00f6rten wir ein &#8222;hey&#8220; hinter uns. Einer der Jungs war da und wir wanderten gemeinsam das letzte St\u00fcck. Die Lizumer H\u00fctte war zu sehen und wir mussten nur noch bergab wandern. Die Kasernen in der umgebenden Landschaft irritierten zwar etwas, aber ansonsten liegt die Lizumer H\u00fctte sehr idyllisch. Die H\u00fctte selber ist auch sehr sch\u00f6n, mit Kletterwand au\u00dfen und innen, Lagern mit Stockbetten und erst 2006 renoviert. Einzig der H\u00fcttenwirt zerst\u00f6rt die Idylle, da er eher ein Tiroler Grantler ist. <\/p>\n<p><a href=\"http:\/\/www.2muve.de\/wp-content\/uploads\/2016\/08\/MuenchenVenedig_08_20.jpg\"><img loading=\"lazy\" decoding=\"async\" src=\"http:\/\/www.2muve.de\/wp-content\/uploads\/2016\/08\/MuenchenVenedig_08_20-300x200.jpg\" alt=\"MuenchenVenedig_08_20\" width=\"300\" height=\"200\" class=\"alignnone size-medium wp-image-8191\" \/><\/a> <a href=\"http:\/\/www.2muve.de\/wp-content\/uploads\/2016\/08\/MuenchenVenedig_08_21.jpg\"><img loading=\"lazy\" decoding=\"async\" src=\"http:\/\/www.2muve.de\/wp-content\/uploads\/2016\/08\/MuenchenVenedig_08_21-300x200.jpg\" alt=\"MuenchenVenedig_08_21\" width=\"300\" height=\"200\" class=\"alignnone size-medium wp-image-8192\" \/><\/a><\/p>\n<p>Den Abend verbrachten wir dann zuerst in unserer Gruppe. Als die Essensbestellungen an unserem Tisch aufgenommen wurden, hatten wir aber Pech. Bis das M\u00e4dl bei uns angekommen war, hatte der H\u00fcttenwirt schon verboten noch weitere Bestellungen aufzunehmen&#8230; Daher packten wir dann unser Zeug und machten vor der H\u00fctte Brotzeit. Dann gab&#8217;s noch eine besondere \u00dcberraschung: Night Owls Eltern kamen uns besuchen und wir verbrachten einen sehr sch\u00f6nen Abend gemeinsam \ud83d\ude42 .<\/p>\n<p><a href=\"http:\/\/www.2muve.de\/wp-content\/uploads\/2016\/08\/MuenchenVenedig_08_22.jpg\"><img loading=\"lazy\" decoding=\"async\" src=\"http:\/\/www.2muve.de\/wp-content\/uploads\/2016\/08\/MuenchenVenedig_08_22-300x200.jpg\" alt=\"MuenchenVenedig_08_22\" width=\"300\" height=\"200\" class=\"alignnone size-medium wp-image-8193\" \/><\/a> <a href=\"http:\/\/www.2muve.de\/wp-content\/uploads\/2016\/08\/MuenchenVenedig_08_23.jpg\"><img loading=\"lazy\" decoding=\"async\" src=\"http:\/\/www.2muve.de\/wp-content\/uploads\/2016\/08\/MuenchenVenedig_08_23-300x200.jpg\" alt=\"MuenchenVenedig_08_23\" width=\"300\" height=\"200\" class=\"alignnone size-medium wp-image-8194\" \/><\/a><\/p>\n<p><strong>Erkenntnis des Tages:<\/strong><br \/>\nWandern kann so sch\u00f6n sein, wenn die F\u00fc\u00dfe in den Hintergrund treten \ud83d\ude42<\/p>\n<p><strong>Fazit:<\/strong><br \/>\nGef\u00fchlt waren wir endlich angekommen. Nach einer Woche Eingew\u00f6hnungszeit konnte es jetzt endlich losgehen. Die Fu\u00dfprobleme hatten wir nun im Griff, die Landschaft wurde immer beeindruckender und wir waren endlich wieder positiv gestimmt. Wir waren in den Tuxer Alpen angekommen \ud83d\ude42<\/p>\n<p>Liebe Gr\u00fc\u00dfe,<br \/>\nEarly Bird \ud83d\ude42<\/p>\n","protected":false},"excerpt":{"rendered":"<p>Hall\u00f6chen zusammen! Zusammenfassung: Nach unseren entspannten Tagen kam nun endlich wieder eine richtige Etappe mit etwa 1400 H\u00f6henmetern. Und wir waren nun auch wieder fit unterwegs. Die F\u00fc\u00dfe machten kaum mehr Probleme und die Kondition war besser denn je. Dazu kamen wir endlich in etwas alpineres Gel\u00e4nde und f\u00fchlten uns dort richtig wohl. Dass wir [&hellip;]<\/p>\n","protected":false},"author":4,"featured_media":0,"comment_status":"open","ping_status":"closed","sticky":false,"template":"","format":"standard","meta":{"footnotes":""},"categories":[1147],"tags":[1092,1173,1146,1174,1175,1091,1169,1167],"class_list":["post-8226","post","type-post","status-publish","format-standard","hentry","category-muenchen-venedig","tag-alpenueberquerung","tag-lizumer-huette","tag-muenchen-venedig","tag-naviser-joechl","tag-steinkasernalm","tag-traumpfad","tag-voldertal","tag-voldertalhuette"],"_links":{"self":[{"href":"https:\/\/www.sbrunner.net\/index.php?rest_route=\/wp\/v2\/posts\/8226","targetHints":{"allow":["GET"]}}],"collection":[{"href":"https:\/\/www.sbrunner.net\/index.php?rest_route=\/wp\/v2\/posts"}],"about":[{"href":"https:\/\/www.sbrunner.net\/index.php?rest_route=\/wp\/v2\/types\/post"}],"author":[{"embeddable":true,"href":"https:\/\/www.sbrunner.net\/index.php?rest_route=\/wp\/v2\/users\/4"}],"replies":[{"embeddable":true,"href":"https:\/\/www.sbrunner.net\/index.php?rest_route=%2Fwp%2Fv2%2Fcomments&post=8226"}],"version-history":[{"count":4,"href":"https:\/\/www.sbrunner.net\/index.php?rest_route=\/wp\/v2\/posts\/8226\/revisions"}],"predecessor-version":[{"id":8230,"href":"https:\/\/www.sbrunner.net\/index.php?rest_route=\/wp\/v2\/posts\/8226\/revisions\/8230"}],"wp:attachment":[{"href":"https:\/\/www.sbrunner.net\/index.php?rest_route=%2Fwp%2Fv2%2Fmedia&parent=8226"}],"wp:term":[{"taxonomy":"category","embeddable":true,"href":"https:\/\/www.sbrunner.net\/index.php?rest_route=%2Fwp%2Fv2%2Fcategories&post=8226"},{"taxonomy":"post_tag","embeddable":true,"href":"https:\/\/www.sbrunner.net\/index.php?rest_route=%2Fwp%2Fv2%2Ftags&post=8226"}],"curies":[{"name":"wp","href":"https:\/\/api.w.org\/{rel}","templated":true}]}}