{"id":8219,"date":"2016-08-22T21:37:44","date_gmt":"2016-08-22T19:37:44","guid":{"rendered":"http:\/\/www.sbrunner.net\/?p=8219"},"modified":"2016-08-22T21:37:44","modified_gmt":"2016-08-22T19:37:44","slug":"muenchen-venedig-etappe-7-innsbruck-voldertalhuette","status":"publish","type":"post","link":"https:\/\/www.sbrunner.net\/?p=8219","title":{"rendered":"M\u00fcnchen &#8211; Venedig Etappe 7: Innsbruck &#8211; Voldertalh\u00fctte"},"content":{"rendered":"<p>Hall\u00f6chen zusammen!<\/p>\n<p><strong>Zusammenfassung:<\/strong><br \/>\nAuch diesen Tag kann man fast schon als Pausentag verbuchen: Mit dem Zug fuhren wir von Innsbruck nach Hall. Ab da wollten wir zu Fu\u00df laufen, zur Glungezerbahn wurden wir dann aber von einer netten Dame gefahren, die es nicht mitansehen konnte, wie wir an der Stra\u00dfe entlang laufen. Von da an ging es dann wieder wandernd weiter ins Voldertal. Auf der Voldertalh\u00fctte verbrachten wir einen sch\u00f6nen spa\u00dfigen Abend mit vielen weiteren muvelern.<\/p>\n<p><a href=\"http:\/\/www.2muve.de\/wp-content\/uploads\/2016\/08\/MuenchenVenedig_07_1.jpg\"><img loading=\"lazy\" decoding=\"async\" src=\"http:\/\/www.2muve.de\/wp-content\/uploads\/2016\/08\/MuenchenVenedig_07_1-300x196.jpg\" alt=\"MuenchenVenedig_07_1\" width=\"300\" height=\"196\" class=\"alignnone size-medium wp-image-8140\" \/><\/a> <a href=\"http:\/\/www.2muve.de\/wp-content\/uploads\/2016\/08\/MuenchenVenedig_07_2.jpg\"><img loading=\"lazy\" decoding=\"async\" src=\"http:\/\/www.2muve.de\/wp-content\/uploads\/2016\/08\/MuenchenVenedig_07_2-300x200.jpg\" alt=\"MuenchenVenedig_07_2\" width=\"300\" height=\"200\" class=\"alignnone size-medium wp-image-8141\" \/><\/a><\/p>\n<p><strong>Details:<\/strong><br \/>\nSo eine Hotel\u00fcbernachtung k\u00f6nnte der Traum sein, w\u00e4re da nur nicht so eine laute Baustelle in der N\u00e4he. Und so hatten wir dann doch nicht so gut geschlafen, wie wir es erwartet hatten. Das war aber kein Problem, denn an diesem Tag stand auch nur eine kurze Etappe an. Da wir in Hall starten w\u00fcrden, war die H\u00e4lfte der Etappe schon erledigt. Nach unserem pers\u00f6nlichen Fr\u00fchst\u00fcck, das wir am Abend zuvor eingekauft hatten, packten wir unsere nun einige Kilo schwereren Rucks\u00e4cke (ausreichend Proviant f\u00fcr die n\u00e4chsten Tage) und liefen zum Bahnhof.<\/p>\n<p><a href=\"http:\/\/www.2muve.de\/wp-content\/uploads\/2016\/08\/MuenchenVenedig_07_3.jpg\"><img loading=\"lazy\" decoding=\"async\" src=\"http:\/\/www.2muve.de\/wp-content\/uploads\/2016\/08\/MuenchenVenedig_07_3-300x200.jpg\" alt=\"MuenchenVenedig_07_3\" width=\"300\" height=\"200\" class=\"alignnone size-medium wp-image-8142\" \/><\/a><\/p>\n<p>Nun hatten wir beide gut ged\u00e4mpfte Schuhe, es konnte also nichts mehr schiefgehen. Der Zug nach Hall hatte etwas Versp\u00e4tung, brachte uns dann aber zuverl\u00e4ssig zu unserem Startort. Dort mussten wir uns erst mal orientieren. Wo ist der Inn? Wo m\u00fcssen wir hin? Eine andere Wandertruppe suchte auch, entschied sich dann aber f\u00fcr den Bus. Wir hatten nach einer Weile endlich den Weg gefunden und liefen los. Der Weg f\u00fchrte nun an der Stra\u00dfe entlang. Kurz bevor nur noch Leitplanken am Rand waren, hielt ein Auto neben uns. &#8222;Kann ich euch mitnehmen?&#8220; &#8211; &#8222;Nein danke, wir wandern.&#8220; &#8211; &#8222;Ihr wollt zur Glungezerbahn, oder?&#8220; &#8211; &#8222;Ja, genau.&#8220; &#8211; &#8222;Nun kommt schon mit, der Weg hier ist furchtbar, nur an der Stra\u00dfe, zwei Stunden lang.&#8220; &#8211; &#8222;Wir laufen lieber.&#8220; &#8211; &#8222;Das ist wirklich nur Stra\u00dfe. Das ist auch gef\u00e4hrlich.&#8220; Night Owl und ich schauen uns an, zucken mit den Schultern: &#8222;Ok, vielen Dank&#8220;. W\u00e4hrend der Fahrt stellt die nette Dame nochmal fest: &#8222;Seht ihr, das h\u00e4tte wirklich keinen Spa\u00df gemacht. Letztes Jahr hab ich auch schon so einen M\u00fcnchen-Venedig-Wanderer mitgenommen, der zuerst gar nicht einsteigen wollte.&#8220; \ud83d\ude09<\/p>\n<p><a href=\"http:\/\/www.2muve.de\/wp-content\/uploads\/2016\/08\/MuenchenVenedig_07_4.jpg\"><img loading=\"lazy\" decoding=\"async\" src=\"http:\/\/www.2muve.de\/wp-content\/uploads\/2016\/08\/MuenchenVenedig_07_4-300x200.jpg\" alt=\"MuenchenVenedig_07_4\" width=\"300\" height=\"200\" class=\"alignnone size-medium wp-image-8143\" \/><\/a> <a href=\"http:\/\/www.2muve.de\/wp-content\/uploads\/2016\/08\/MuenchenVenedig_07_5.jpg\"><img loading=\"lazy\" decoding=\"async\" src=\"http:\/\/www.2muve.de\/wp-content\/uploads\/2016\/08\/MuenchenVenedig_07_5-300x200.jpg\" alt=\"MuenchenVenedig_07_5\" width=\"300\" height=\"200\" class=\"alignnone size-medium wp-image-8144\" \/><\/a><\/p>\n<p>An der Glungezerbahn angekommen bedankten wir uns bei der Dame und waren im Nachhinein sehr froh, mit dem Auto gefahren zu sein. Die Strecke w\u00e4re wirklich unsch\u00f6n und noch dazu gef\u00e4hrlich gewesen. Und wen sehen wir an der Bahn die Wanderkarte studieren? Den Blogger und seinen Kumpel, der ab dieser Etappe auch mit dabei war. Welch sch\u00f6nes Wiedersehen! Bis zur Voldertalh\u00fctte wanderten wir gemeinsam weiter. Zuerst ging es eine Teerstra\u00dfe hinauf, dann eine Forststra\u00dfe entlang und dann \u00fcber Wiesen an Almen vorbei.<\/p>\n<p><a href=\"http:\/\/www.2muve.de\/wp-content\/uploads\/2016\/08\/MuenchenVenedig_07_6.jpg\"><img loading=\"lazy\" decoding=\"async\" src=\"http:\/\/www.2muve.de\/wp-content\/uploads\/2016\/08\/MuenchenVenedig_07_6-300x200.jpg\" alt=\"MuenchenVenedig_07_6\" width=\"300\" height=\"200\" class=\"alignnone size-medium wp-image-8145\" \/><\/a> <a href=\"http:\/\/www.2muve.de\/wp-content\/uploads\/2016\/08\/MuenchenVenedig_07_7.jpg\"><img loading=\"lazy\" decoding=\"async\" src=\"http:\/\/www.2muve.de\/wp-content\/uploads\/2016\/08\/MuenchenVenedig_07_7-300x200.jpg\" alt=\"MuenchenVenedig_07_7\" width=\"300\" height=\"200\" class=\"alignnone size-medium wp-image-8146\" \/><\/a><\/p>\n<p>F\u00fcr diesen Tag waren wieder Gewitter angesagt, so dass es ganz gut war, dass wir nicht weit zu gehen hatten. Schon um eins erreichten wir die Voldertalh\u00fctte und trafen dort eine weitere muvelerin, die Weltenbummlerin. Zuerst bezogen wir unser Lager und waren \u00fcbergl\u00fccklich: Es gab eine Nische mit genau zwei Schlafpl\u00e4tzen &#8211; perfekt f\u00fcr uns \ud83d\ude42 . Wir machten nach einem kurzen Plausch auf der Wiese Brotzeit und gesellten uns dann wieder zu den anderen. Es war ein lustiger Nachmittag und nach und nach kamen auch noch mehr muveler auf die H\u00fctte. Mittlerweile hatte es auch zu gewittern angefangen und wir waren froh, auf der H\u00fctte zu sein.<\/p>\n<p><a href=\"http:\/\/www.2muve.de\/wp-content\/uploads\/2016\/08\/MuenchenVenedig_07_8.jpg\"><img loading=\"lazy\" decoding=\"async\" src=\"http:\/\/www.2muve.de\/wp-content\/uploads\/2016\/08\/MuenchenVenedig_07_8-200x300.jpg\" alt=\"MuenchenVenedig_07_8\" width=\"200\" height=\"300\" class=\"alignnone size-medium wp-image-8147\" \/><\/a><\/p>\n<p>Der Abend war dann noch total gem\u00fctlich und hat super viel Spa\u00df gemacht. Wir waren nur muveler auf der H\u00fctte und sa\u00dfen alle zusammen und unterhielten uns. Wandern wir zur Adria oder zum Mittelmeer? Wie sind die Alpen eigentlich entstanden? Wandern wir nicht in Wirklichkeit nach Afrika? Und dazu gab&#8217;s den ersten Zirbellik\u00f6r der Tour &#8211; von der K\u00f6nigin der Tannen. Ein Abend, den wir sicher noch lange in Erinnerung behalten werden.<\/p>\n<p><strong>Zitat des Tages:<\/strong><br \/>\n&#8222;Plattentektonisch gesehen wandern wir von Europa nach Afrika.&#8220; (am Abend auf der Voldertalh\u00fctte)<\/p>\n<p><strong>Fazit:<\/strong><br \/>\nEs tat nochmal gut, so einen entspannten Tag zu haben. Diese Etappe war wirklich gepr\u00e4gt vom Nachmittag und Abend auf der Voldertalh\u00fctte. Wir hatten einen Riesenspa\u00df und haben erneut festgestellt, dass die Menschen, die man kennenlernt, und die gemeinsame Zeit ein ganz wesentlicher Teil von M\u00fcnchen-Venedig sind.<\/p>\n<p>Liebe Gr\u00fc\u00dfe,<br \/>\nSabine (Early Bird) \ud83d\ude42<\/p>\n","protected":false},"excerpt":{"rendered":"<p>Hall\u00f6chen zusammen! Zusammenfassung: Auch diesen Tag kann man fast schon als Pausentag verbuchen: Mit dem Zug fuhren wir von Innsbruck nach Hall. Ab da wollten wir zu Fu\u00df laufen, zur Glungezerbahn wurden wir dann aber von einer netten Dame gefahren, die es nicht mitansehen konnte, wie wir an der Stra\u00dfe entlang laufen. Von da an [&hellip;]<\/p>\n","protected":false},"author":4,"featured_media":0,"comment_status":"open","ping_status":"closed","sticky":false,"template":"","format":"standard","meta":{"footnotes":""},"categories":[1147],"tags":[1092,1168,1165,1146,1091,1169,1167],"class_list":["post-8219","post","type-post","status-publish","format-standard","hentry","category-muenchen-venedig","tag-alpenueberquerung","tag-hall","tag-innsbruck","tag-muenchen-venedig","tag-traumpfad","tag-voldertal","tag-voldertalhuette"],"_links":{"self":[{"href":"https:\/\/www.sbrunner.net\/index.php?rest_route=\/wp\/v2\/posts\/8219","targetHints":{"allow":["GET"]}}],"collection":[{"href":"https:\/\/www.sbrunner.net\/index.php?rest_route=\/wp\/v2\/posts"}],"about":[{"href":"https:\/\/www.sbrunner.net\/index.php?rest_route=\/wp\/v2\/types\/post"}],"author":[{"embeddable":true,"href":"https:\/\/www.sbrunner.net\/index.php?rest_route=\/wp\/v2\/users\/4"}],"replies":[{"embeddable":true,"href":"https:\/\/www.sbrunner.net\/index.php?rest_route=%2Fwp%2Fv2%2Fcomments&post=8219"}],"version-history":[{"count":3,"href":"https:\/\/www.sbrunner.net\/index.php?rest_route=\/wp\/v2\/posts\/8219\/revisions"}],"predecessor-version":[{"id":8225,"href":"https:\/\/www.sbrunner.net\/index.php?rest_route=\/wp\/v2\/posts\/8219\/revisions\/8225"}],"wp:attachment":[{"href":"https:\/\/www.sbrunner.net\/index.php?rest_route=%2Fwp%2Fv2%2Fmedia&parent=8219"}],"wp:term":[{"taxonomy":"category","embeddable":true,"href":"https:\/\/www.sbrunner.net\/index.php?rest_route=%2Fwp%2Fv2%2Fcategories&post=8219"},{"taxonomy":"post_tag","embeddable":true,"href":"https:\/\/www.sbrunner.net\/index.php?rest_route=%2Fwp%2Fv2%2Ftags&post=8219"}],"curies":[{"name":"wp","href":"https:\/\/api.w.org\/{rel}","templated":true}]}}