{"id":6361,"date":"2015-04-06T10:11:15","date_gmt":"2015-04-06T08:11:15","guid":{"rendered":"http:\/\/www.sbrunner.net\/?p=6361"},"modified":"2015-04-06T10:11:15","modified_gmt":"2015-04-06T08:11:15","slug":"sonnenuntergang-auf-dem-rechelkopf-1330m","status":"publish","type":"post","link":"https:\/\/www.sbrunner.net\/?p=6361","title":{"rendered":"Sonnenuntergang auf dem Rechelkopf (1330m)"},"content":{"rendered":"<p>Hallo zusammen!<\/p>\n<p>Auch der kalendarische Fr\u00fchlingsanfang musste nat\u00fcrlich passend begr\u00fc\u00dft werden. Daher starteten wir am 20. M\u00e4rz eine Feierabendtour auf den Rechelkopf. Wir hatten das schon <a href=\"https:\/\/www.sbrunner.net\/?p=5403\" title=\"Feierabendwanderung auf den Rechelkopf (1330m) und Sch\u00fcrfenkopf\/Sonntraten (1096m)\" target=\"_blank\">mal<\/a> gemacht, allerdings mit etwas mehr verf\u00fcgbaren Sonnenstunden \ud83d\ude42 .<\/p>\n<p>Am fr\u00fchen Abend wanderten wir los und hatten nicht mehr viel Zeit, bis die Sonne verschwunden sein w\u00fcrde. Der Weg war noch vertraut und schnell war mir auch wieder bewusst, dass die Wanderung recht steil beginnt. Schon bald kam auch Schnee dazu. Zum Gl\u00fcck war dieser so fest, dass wir darauf laufen konnten.<\/p>\n<p>W\u00e4hrend es immer dunkler wurde, wanderten wir flott weiter. Schlie\u00dflich wollten wir noch etwas von der Sonne sehen. Zum Gl\u00fcck kannten wir den Weg. Durch den Schnee war nicht \u00fcberall klar ersichtlich, wie es weitergehen sollte. Wegkenntnis ist hier also ein gro\u00dfer Vorteil &#8211; vor allem wenn man eine Wanderung geht, bei der klar ist, dass man ein St\u00fcck im Dunkeln laufen wird.<\/p>\n<p><a href=\"https:\/\/www.sbrunner.net\/wp-content\/uploads\/2015\/04\/Rechelkopf_1.jpg\"><img loading=\"lazy\" decoding=\"async\" src=\"https:\/\/www.sbrunner.net\/wp-content\/uploads\/2015\/04\/Rechelkopf_1-300x225.jpg\" alt=\"Rechelkopf_1\" width=\"300\" height=\"225\" class=\"alignnone size-medium wp-image-6362\" srcset=\"https:\/\/www.sbrunner.net\/wp-content\/uploads\/2015\/04\/Rechelkopf_1-300x225.jpg 300w, https:\/\/www.sbrunner.net\/wp-content\/uploads\/2015\/04\/Rechelkopf_1.jpg 600w\" sizes=\"auto, (max-width: 300px) 100vw, 300px\" \/><\/a><\/p>\n<p>Am Gipfel angekommen waren wir rechtzeitig da, um noch im Abendsonnenlicht eine Kleinigkeit zu essen. Wie auch schon beim letzten Mal war es am Gipfel recht windig und nachdem Breze und Apfel gegessen waren, wanderten wir wieder ein St\u00fcck abw\u00e4rts.<\/p>\n<p><a href=\"https:\/\/www.sbrunner.net\/wp-content\/uploads\/2015\/04\/Rechelkopf_2.jpg\"><img loading=\"lazy\" decoding=\"async\" src=\"https:\/\/www.sbrunner.net\/wp-content\/uploads\/2015\/04\/Rechelkopf_2-300x225.jpg\" alt=\"Rechelkopf_2\" width=\"300\" height=\"225\" class=\"alignnone size-medium wp-image-6363\" srcset=\"https:\/\/www.sbrunner.net\/wp-content\/uploads\/2015\/04\/Rechelkopf_2-300x225.jpg 300w, https:\/\/www.sbrunner.net\/wp-content\/uploads\/2015\/04\/Rechelkopf_2.jpg 600w\" sizes=\"auto, (max-width: 300px) 100vw, 300px\" \/><\/a><\/p>\n<p>Windgesch\u00fctzt hatten wir einen sehr sch\u00f6nen Blick auf den Sonnenuntergang. Vom Berg aus der Sonne zuzusehen, wie sie hinter den Bergen verschwindet, ist schon einmalig. Pl\u00f6tzlich ging es ganz schnell, dass der letzte Sonnenstrahl und auch die zuletzt sichtbare Sichel verschwunden waren.<\/p>\n<p><a href=\"https:\/\/www.sbrunner.net\/wp-content\/uploads\/2015\/04\/Rechelkopf_3.jpg\"><img loading=\"lazy\" decoding=\"async\" src=\"https:\/\/www.sbrunner.net\/wp-content\/uploads\/2015\/04\/Rechelkopf_3-300x225.jpg\" alt=\"Rechelkopf_3\" width=\"300\" height=\"225\" class=\"alignnone size-medium wp-image-6364\" srcset=\"https:\/\/www.sbrunner.net\/wp-content\/uploads\/2015\/04\/Rechelkopf_3-300x225.jpg 300w, https:\/\/www.sbrunner.net\/wp-content\/uploads\/2015\/04\/Rechelkopf_3.jpg 600w\" sizes=\"auto, (max-width: 300px) 100vw, 300px\" \/><\/a><\/p>\n<p>Nun war aber Eile angesagt. Es wurde nun schnell dunkler und wir wollten wieder ins Tal. Mit Stirnlampen auf dem Kopf suchten wir den Weg zur\u00fcck. Wegekenntnis war hier sehr wertvoll und ist absolut empfehlenswert. Zur\u00fcck am ersten Aussichtspunkt hatten wir auch einen tollen Blick auf Bad T\u00f6lz. Die ganzen Lichter und fahrenden Autos und dazu die Stille am Berg waren schon ein faszinierender Gegensatz.<\/p>\n<p><a href=\"https:\/\/www.sbrunner.net\/wp-content\/uploads\/2015\/04\/Rechelkopf_4.jpg\"><img decoding=\"async\" src=\"https:\/\/www.sbrunner.net\/wp-content\/uploads\/2015\/04\/Rechelkopf_4.jpg\" alt=\"Rechelkopf_4\" width=\"500\" class=\"alignnone size-medium wp-image-6365\" srcset=\"https:\/\/www.sbrunner.net\/wp-content\/uploads\/2015\/04\/Rechelkopf_4.jpg 800w, https:\/\/www.sbrunner.net\/wp-content\/uploads\/2015\/04\/Rechelkopf_4-300x158.jpg 300w\" sizes=\"(max-width: 800px) 100vw, 800px\" \/><\/a><\/p>\n<p>Von da aus war es nicht mehr weit und wir wanderten zur\u00fcck ins Tal. Es war richtig finster und in der kurzen Zeit des Abstieges war die Sonne komplett verschwunden. Nun war \u00fcber uns ein wundersch\u00f6ner Sternenhimmel. Wir packten unsere Sachen zusammen, wechselten in w\u00e4rmere Klamotten und fuhren dann gl\u00fccklich wieder nach Hause. Gibt es einen sch\u00f6neren Start ins Wochenende \ud83d\ude42 ?<\/p>\n<p>Liebe Gr\u00fc\u00dfe,<br \/>\nSabine \ud83d\ude42<\/p>\n","protected":false},"excerpt":{"rendered":"<p>Hallo zusammen! Auch der kalendarische Fr\u00fchlingsanfang musste nat\u00fcrlich passend begr\u00fc\u00dft werden. Daher starteten wir am 20. M\u00e4rz eine Feierabendtour auf den Rechelkopf. Wir hatten das schon mal gemacht, allerdings mit etwas mehr verf\u00fcgbaren Sonnenstunden \ud83d\ude42 . Am fr\u00fchen Abend wanderten wir los und hatten nicht mehr viel Zeit, bis die Sonne verschwunden sein w\u00fcrde. Der [&hellip;]<\/p>\n","protected":false},"author":4,"featured_media":0,"comment_status":"open","ping_status":"closed","sticky":false,"template":"","format":"standard","meta":{"footnotes":""},"categories":[10],"tags":[856,683,682],"class_list":["post-6361","post","type-post","status-publish","format-standard","hentry","category-wandern","tag-bad-toelz","tag-gaissach","tag-rechelkopf"],"_links":{"self":[{"href":"https:\/\/www.sbrunner.net\/index.php?rest_route=\/wp\/v2\/posts\/6361","targetHints":{"allow":["GET"]}}],"collection":[{"href":"https:\/\/www.sbrunner.net\/index.php?rest_route=\/wp\/v2\/posts"}],"about":[{"href":"https:\/\/www.sbrunner.net\/index.php?rest_route=\/wp\/v2\/types\/post"}],"author":[{"embeddable":true,"href":"https:\/\/www.sbrunner.net\/index.php?rest_route=\/wp\/v2\/users\/4"}],"replies":[{"embeddable":true,"href":"https:\/\/www.sbrunner.net\/index.php?rest_route=%2Fwp%2Fv2%2Fcomments&post=6361"}],"version-history":[{"count":3,"href":"https:\/\/www.sbrunner.net\/index.php?rest_route=\/wp\/v2\/posts\/6361\/revisions"}],"predecessor-version":[{"id":6368,"href":"https:\/\/www.sbrunner.net\/index.php?rest_route=\/wp\/v2\/posts\/6361\/revisions\/6368"}],"wp:attachment":[{"href":"https:\/\/www.sbrunner.net\/index.php?rest_route=%2Fwp%2Fv2%2Fmedia&parent=6361"}],"wp:term":[{"taxonomy":"category","embeddable":true,"href":"https:\/\/www.sbrunner.net\/index.php?rest_route=%2Fwp%2Fv2%2Fcategories&post=6361"},{"taxonomy":"post_tag","embeddable":true,"href":"https:\/\/www.sbrunner.net\/index.php?rest_route=%2Fwp%2Fv2%2Ftags&post=6361"}],"curies":[{"name":"wp","href":"https:\/\/api.w.org\/{rel}","templated":true}]}}