{"id":6333,"date":"2015-03-21T08:55:51","date_gmt":"2015-03-21T06:55:51","guid":{"rendered":"http:\/\/www.sbrunner.net\/?p=6333"},"modified":"2015-03-22T09:48:18","modified_gmt":"2015-03-22T07:48:18","slug":"fruehlingsanfang-auf-dem-fockenstein-1564m","status":"publish","type":"post","link":"https:\/\/www.sbrunner.net\/?p=6333","title":{"rendered":"Fr\u00fchlingsanfang auf dem Fockenstein (1564m)"},"content":{"rendered":"<p>Hall\u00f6chen zusammen!<\/p>\n<p>Vor drei Wochen war metereologischer Fr\u00fchlingsanfang und eine Woche drauf gab&#8217;s das passende Wetter dazu. Was bietet sich da besser an, als eine Wanderung auf den <a href=\"http:\/\/www.hoehenrausch.de\/berge\/fockenstein\/index.php\" target=\"_blank\">Fockenstein<\/a>? Das war nicht nur eine Winterwanderung, der Weg zum Fockenstein bietet auch eine herrliche Panoramawanderung &#8211; wir hatten viele traumhafte weite Ausblicke. Dadurch, dass es weniger Steigung und mehr Strecke ist, f\u00e4llt sie auch in die Kategorie Genusswanderung. Also zum Fr\u00fchlingsanfang in jeder Hinsicht perfekt \ud83d\ude42 .<\/p>\n<p><a href=\"https:\/\/www.sbrunner.net\/wp-content\/uploads\/2015\/03\/Fockenstein_1.jpg\"><img loading=\"lazy\" decoding=\"async\" src=\"https:\/\/www.sbrunner.net\/wp-content\/uploads\/2015\/03\/Fockenstein_1-300x225.jpg\" alt=\"Fockenstein_1\" width=\"300\" height=\"225\" class=\"alignnone size-medium wp-image-6334\" srcset=\"https:\/\/www.sbrunner.net\/wp-content\/uploads\/2015\/03\/Fockenstein_1-300x225.jpg 300w, https:\/\/www.sbrunner.net\/wp-content\/uploads\/2015\/03\/Fockenstein_1.jpg 600w\" sizes=\"auto, (max-width: 300px) 100vw, 300px\" \/><\/a><\/p>\n<p>Wir starteten in Bad Wiessee am Wanderparkplatz in der N\u00e4he vom Sonnenbichl. Der erste Teil f\u00fchrt \u00fcber einen Forstweg zur Aueralm. Man sollte hier aufpassen, dass man nicht von Rodlern \u00fcberfahren wird \ud83d\ude09 . Beim Aufstieg war das f\u00fcr uns kein Problem, beim Abstieg mussten wir einige Male zur Seite ausweichen.<\/p>\n<p><a href=\"https:\/\/www.sbrunner.net\/wp-content\/uploads\/2015\/03\/Fockenstein_2.jpg\"><img decoding=\"async\" src=\"https:\/\/www.sbrunner.net\/wp-content\/uploads\/2015\/03\/Fockenstein_2.jpg\" alt=\"Fockenstein_2\" width=\"500\" class=\"alignnone size-medium wp-image-6335\" srcset=\"https:\/\/www.sbrunner.net\/wp-content\/uploads\/2015\/03\/Fockenstein_2.jpg 1000w, https:\/\/www.sbrunner.net\/wp-content\/uploads\/2015\/03\/Fockenstein_2-300x128.jpg 300w\" sizes=\"(max-width: 1000px) 100vw, 1000px\" \/><\/a><\/p>\n<p>Schon auf dem letzten Teil des Forstweges wird es lichter und wir hatten zu unserer Seite die erste Panoramaaussicht. Und das Sch\u00f6ne ist: Das bleibt auch so! Wir wanderten weiter zur Aueralm und hatten links von uns durchgehend diesen wahnsinnig klaren winterlichen Bergblick. Allein waren wir hier trotz Winter nicht. Zur Aueralm sind viele unterwegs, danach werden es aber deutlich weniger Wanderer. Kurz nach der Aueralm legten wir eine kleine Pause ein und st\u00e4rkten uns mit dem ersten Teil unserer Brotzeit. Dann ging&#8217;s weiter zum Gipfel.<\/p>\n<p><a href=\"https:\/\/www.sbrunner.net\/wp-content\/uploads\/2015\/03\/Fockenstein_4.jpg\"><img loading=\"lazy\" decoding=\"async\" src=\"https:\/\/www.sbrunner.net\/wp-content\/uploads\/2015\/03\/Fockenstein_4-225x300.jpg\" alt=\"Fockenstein_4\" width=\"225\" height=\"300\" class=\"alignnone size-medium wp-image-6337\" srcset=\"https:\/\/www.sbrunner.net\/wp-content\/uploads\/2015\/03\/Fockenstein_4-225x300.jpg 225w, https:\/\/www.sbrunner.net\/wp-content\/uploads\/2015\/03\/Fockenstein_4.jpg 450w\" sizes=\"auto, (max-width: 225px) 100vw, 225px\" \/><\/a> <a href=\"https:\/\/www.sbrunner.net\/wp-content\/uploads\/2015\/03\/Fockenstein_3.jpg\"><img loading=\"lazy\" decoding=\"async\" src=\"https:\/\/www.sbrunner.net\/wp-content\/uploads\/2015\/03\/Fockenstein_3-225x300.jpg\" alt=\"Fockenstein_3\" width=\"225\" height=\"300\" class=\"alignnone size-medium wp-image-6336\" srcset=\"https:\/\/www.sbrunner.net\/wp-content\/uploads\/2015\/03\/Fockenstein_3-225x300.jpg 225w, https:\/\/www.sbrunner.net\/wp-content\/uploads\/2015\/03\/Fockenstein_3.jpg 450w\" sizes=\"auto, (max-width: 225px) 100vw, 225px\" \/><\/a><\/p>\n<p>Nun wurde der Weg auch schneeiger. Bis zur Aueralm ist alles recht platt getreten. Danach kam es dann schon mal vor, dass wir im Schnee einsanken. Aber auch hier fanden wir einen Trampelpfad, auf dem wir gut laufen konnten. Schneeschuhe sind hier nicht notwendig. Wir \u00fcberholten auch zwei Schitourgeherinnen, f\u00fcr die es augenscheinlich anstrengender war als f\u00fcr uns. Abgesehen vom &#8222;Abstieg&#8220; vermutlich \ud83d\ude09 .<\/p>\n<p><a href=\"https:\/\/www.sbrunner.net\/wp-content\/uploads\/2015\/03\/Fockenstein_5.jpg\"><img loading=\"lazy\" decoding=\"async\" src=\"https:\/\/www.sbrunner.net\/wp-content\/uploads\/2015\/03\/Fockenstein_5-300x225.jpg\" alt=\"Fockenstein_5\" width=\"300\" height=\"225\" class=\"alignnone size-medium wp-image-6338\" srcset=\"https:\/\/www.sbrunner.net\/wp-content\/uploads\/2015\/03\/Fockenstein_5-300x225.jpg 300w, https:\/\/www.sbrunner.net\/wp-content\/uploads\/2015\/03\/Fockenstein_5.jpg 600w\" sizes=\"auto, (max-width: 300px) 100vw, 300px\" \/><\/a><\/p>\n<p>Nachdem wir ein weites St\u00fcck recht flache Strecke zur\u00fcckgelegt hatten, ging es nun endlich wieder merklich bergauf. Das letzte St\u00fcck zum Fockenstein verl\u00e4uft \u00fcber Serpentinen zum Gipfel. Ohne Schnee findet man hier sicherlich Fels, was wir vom Gipfel aus erahnen konten. F\u00fcr uns war auch das letzte St\u00fcck durch den Schnee angenehm zu wandern und auch wenn wir ein oder zwei Mal im Schnee einsanken, war es kein Problem und nicht zu vergleichen mit dem <a href=\"https:\/\/www.sbrunner.net\/?p=6319\" title=\"Valentinstag auf dem Schweinsberg (1514m)\" target=\"_blank\">Schweinsberg<\/a>.<\/p>\n<p><a href=\"https:\/\/www.sbrunner.net\/wp-content\/uploads\/2015\/03\/Fockenstein_6.jpg\"><img loading=\"lazy\" decoding=\"async\" src=\"https:\/\/www.sbrunner.net\/wp-content\/uploads\/2015\/03\/Fockenstein_6-225x300.jpg\" alt=\"Fockenstein_6\" width=\"225\" height=\"300\" class=\"alignnone size-medium wp-image-6339\" srcset=\"https:\/\/www.sbrunner.net\/wp-content\/uploads\/2015\/03\/Fockenstein_6-225x300.jpg 225w, https:\/\/www.sbrunner.net\/wp-content\/uploads\/2015\/03\/Fockenstein_6.jpg 450w\" sizes=\"auto, (max-width: 225px) 100vw, 225px\" \/><\/a> <a href=\"https:\/\/www.sbrunner.net\/wp-content\/uploads\/2015\/03\/Fockenstein_10.jpg\"><img loading=\"lazy\" decoding=\"async\" src=\"https:\/\/www.sbrunner.net\/wp-content\/uploads\/2015\/03\/Fockenstein_10-300x225.jpg\" alt=\"Fockenstein_10\" width=\"300\" height=\"225\" class=\"alignnone size-medium wp-image-6343\" srcset=\"https:\/\/www.sbrunner.net\/wp-content\/uploads\/2015\/03\/Fockenstein_10-300x225.jpg 300w, https:\/\/www.sbrunner.net\/wp-content\/uploads\/2015\/03\/Fockenstein_10.jpg 600w\" sizes=\"auto, (max-width: 300px) 100vw, 300px\" \/><\/a><\/p>\n<p>Und dann standen wir auf dem Gipfel. Was f\u00fcr eine Wahnsinnsaussicht! Zu allen Seiten war es ein traumhaftes Panorama und an diesem sonnigen klaren Tag ein Genuss. Auch wenn man schon den ganzen Weg immer herrliches Panorama zu seiner Seite hat, wird das am Gipfel nochmal \u00fcbertroffen. Zur einen Seiten der Tegernsee, zur anderen die Bergwelt mit vielen schneebedeckten herrlichen Gipfeln.<\/p>\n<p><a href=\"https:\/\/www.sbrunner.net\/wp-content\/uploads\/2015\/03\/Fockenstein_7.jpg\"><img decoding=\"async\" src=\"https:\/\/www.sbrunner.net\/wp-content\/uploads\/2015\/03\/Fockenstein_7.jpg\" alt=\"Fockenstein_7\" width=\"600\" class=\"alignnone size-medium wp-image-6340\" srcset=\"https:\/\/www.sbrunner.net\/wp-content\/uploads\/2015\/03\/Fockenstein_7.jpg 1500w, https:\/\/www.sbrunner.net\/wp-content\/uploads\/2015\/03\/Fockenstein_7-300x39.jpg 300w, https:\/\/www.sbrunner.net\/wp-content\/uploads\/2015\/03\/Fockenstein_7-1024x132.jpg 1024w\" sizes=\"(max-width: 1500px) 100vw, 1500px\" \/><\/a><\/p>\n<p>Und da holten wir den Rest unserer Brotzeit raus und genossen einfach. Es war eine sehr sch\u00f6ne Stimmung am Gipfel. Neben uns waren noch zwei Wanderer auf dem Gipfel und machten es genauso &#8211; a\u00dfen ihre Brotzeit und bestaunten das Panorama.<\/p>\n<p><a href=\"https:\/\/www.sbrunner.net\/wp-content\/uploads\/2015\/03\/Fockenstein_8.jpg\"><img loading=\"lazy\" decoding=\"async\" src=\"https:\/\/www.sbrunner.net\/wp-content\/uploads\/2015\/03\/Fockenstein_8-225x300.jpg\" alt=\"Fockenstein_8\" width=\"225\" height=\"300\" class=\"alignnone size-medium wp-image-6341\" srcset=\"https:\/\/www.sbrunner.net\/wp-content\/uploads\/2015\/03\/Fockenstein_8-225x300.jpg 225w, https:\/\/www.sbrunner.net\/wp-content\/uploads\/2015\/03\/Fockenstein_8.jpg 450w\" sizes=\"auto, (max-width: 225px) 100vw, 225px\" \/><\/a> <a href=\"https:\/\/www.sbrunner.net\/wp-content\/uploads\/2015\/03\/Fockenstein_9.jpg\"><img loading=\"lazy\" decoding=\"async\" src=\"https:\/\/www.sbrunner.net\/wp-content\/uploads\/2015\/03\/Fockenstein_9-300x225.jpg\" alt=\"Fockenstein_9\" width=\"300\" height=\"225\" class=\"alignnone size-medium wp-image-6342\" srcset=\"https:\/\/www.sbrunner.net\/wp-content\/uploads\/2015\/03\/Fockenstein_9-300x225.jpg 300w, https:\/\/www.sbrunner.net\/wp-content\/uploads\/2015\/03\/Fockenstein_9.jpg 600w\" sizes=\"auto, (max-width: 300px) 100vw, 300px\" \/><\/a><\/p>\n<p>Nachdem die letzten Bilder geschossen, die Brotzeit aufgebraucht und das Panorama verinnerlicht war, packten wir wieder zusammen. Ein letzter Blick in die Ferne und schon waren wir am Abstieg. Wie das im Winter so ist, ging der Abstieg deutlich leichter als der Aufstieg, weil wir einen gro\u00dfen Teil rutschen konnten. Auch wenn ich kein so gro\u00dfer Fan davon bin und das sehr kontrolliert mache, waren wir recht flott wieder auf dem flachen Gel\u00e4nde.<\/p>\n<p><a href=\"https:\/\/www.sbrunner.net\/wp-content\/uploads\/2015\/03\/Fockenstein_11.jpg\"><img decoding=\"async\" src=\"https:\/\/www.sbrunner.net\/wp-content\/uploads\/2015\/03\/Fockenstein_11.jpg\" alt=\"Fockenstein_11\" width=\"600\" class=\"alignnone size-medium wp-image-6344\" srcset=\"https:\/\/www.sbrunner.net\/wp-content\/uploads\/2015\/03\/Fockenstein_11.jpg 1000w, https:\/\/www.sbrunner.net\/wp-content\/uploads\/2015\/03\/Fockenstein_11-300x77.jpg 300w\" sizes=\"(max-width: 1000px) 100vw, 1000px\" \/><\/a><\/p>\n<p>Nun hatten wir das Panorama wiederum zu unserer Seite und wanderten gem\u00fctlich weiter. Die Schneelandschaft ist schon traumhaft sch\u00f6n und gibt den Bergen eine ganz eigene Sch\u00f6nheit. Wir hatten bestes Wetter mit viel Sonne, was die Landschaft noch sch\u00f6ner machte.<\/p>\n<p><a href=\"https:\/\/www.sbrunner.net\/wp-content\/uploads\/2015\/03\/Fockenstein_12.jpg\"><img loading=\"lazy\" decoding=\"async\" src=\"https:\/\/www.sbrunner.net\/wp-content\/uploads\/2015\/03\/Fockenstein_12-300x225.jpg\" alt=\"Fockenstein_12\" width=\"300\" height=\"225\" class=\"alignnone size-medium wp-image-6345\" srcset=\"https:\/\/www.sbrunner.net\/wp-content\/uploads\/2015\/03\/Fockenstein_12-300x225.jpg 300w, https:\/\/www.sbrunner.net\/wp-content\/uploads\/2015\/03\/Fockenstein_12.jpg 600w\" sizes=\"auto, (max-width: 300px) 100vw, 300px\" \/><\/a><\/p>\n<p>Nachdem wir wieder an der Aueralm waren, wurde es lauter und voller. Hier waren deutlich mehr Wanderer unterwegs, die vermutlich f\u00fcr ein Sonntagsbier auf die Alm wanderten oder gewandert waren. Leute rodelten an uns vorbei, viele Wanderer kamen uns entgegen. Wir wanderten wieder zum Parkplatz, verlie\u00dfen das Panorama und waren im Wald. Angekommen im Tal freuten wir uns, eine so sch\u00f6ne Tour hinter uns zu haben.<\/p>\n<p>Der Tag brachte neben einem kleinen Sonnenbrand viele wundersch\u00f6ne Panorama- und Wintereindr\u00fccke und eine herrliche Entspannung. Das war eine wirklich sch\u00f6ner Fr\u00fchlingsanfang \ud83d\ude42 !<\/p>\n<p>Liebe Gr\u00fc\u00dfe,<br \/>\nSabine \ud83d\ude42<\/p>\n","protected":false},"excerpt":{"rendered":"<p>Hall\u00f6chen zusammen! Vor drei Wochen war metereologischer Fr\u00fchlingsanfang und eine Woche drauf gab&#8217;s das passende Wetter dazu. Was bietet sich da besser an, als eine Wanderung auf den Fockenstein? Das war nicht nur eine Winterwanderung, der Weg zum Fockenstein bietet auch eine herrliche Panoramawanderung &#8211; wir hatten viele traumhafte weite Ausblicke. Dadurch, dass es weniger [&hellip;]<\/p>\n","protected":false},"author":4,"featured_media":0,"comment_status":"open","ping_status":"closed","sticky":false,"template":"","format":"standard","meta":{"footnotes":""},"categories":[10],"tags":[854,855,853],"class_list":["post-6333","post","type-post","status-publish","format-standard","hentry","category-wandern","tag-aueralm","tag-bad-wiessee","tag-fockenstein"],"_links":{"self":[{"href":"https:\/\/www.sbrunner.net\/index.php?rest_route=\/wp\/v2\/posts\/6333","targetHints":{"allow":["GET"]}}],"collection":[{"href":"https:\/\/www.sbrunner.net\/index.php?rest_route=\/wp\/v2\/posts"}],"about":[{"href":"https:\/\/www.sbrunner.net\/index.php?rest_route=\/wp\/v2\/types\/post"}],"author":[{"embeddable":true,"href":"https:\/\/www.sbrunner.net\/index.php?rest_route=\/wp\/v2\/users\/4"}],"replies":[{"embeddable":true,"href":"https:\/\/www.sbrunner.net\/index.php?rest_route=%2Fwp%2Fv2%2Fcomments&post=6333"}],"version-history":[{"count":9,"href":"https:\/\/www.sbrunner.net\/index.php?rest_route=\/wp\/v2\/posts\/6333\/revisions"}],"predecessor-version":[{"id":6355,"href":"https:\/\/www.sbrunner.net\/index.php?rest_route=\/wp\/v2\/posts\/6333\/revisions\/6355"}],"wp:attachment":[{"href":"https:\/\/www.sbrunner.net\/index.php?rest_route=%2Fwp%2Fv2%2Fmedia&parent=6333"}],"wp:term":[{"taxonomy":"category","embeddable":true,"href":"https:\/\/www.sbrunner.net\/index.php?rest_route=%2Fwp%2Fv2%2Fcategories&post=6333"},{"taxonomy":"post_tag","embeddable":true,"href":"https:\/\/www.sbrunner.net\/index.php?rest_route=%2Fwp%2Fv2%2Ftags&post=6333"}],"curies":[{"name":"wp","href":"https:\/\/api.w.org\/{rel}","templated":true}]}}