{"id":5418,"date":"2014-06-01T14:22:58","date_gmt":"2014-06-01T13:22:58","guid":{"rendered":"http:\/\/www.sbrunner.net\/?p=5418"},"modified":"2014-06-01T14:22:58","modified_gmt":"2014-06-01T13:22:58","slug":"den-mai-begruesst-hochfelln-1671m-und-duerrnbachhorn-1776m","status":"publish","type":"post","link":"https:\/\/www.sbrunner.net\/?p=5418","title":{"rendered":"Den Mai begr\u00fc\u00dft: Hochfelln (1671m) und D\u00fcrrnbachhorn (1776m)"},"content":{"rendered":"<p>Hall\u00f6chen,<\/p>\n<p>heute ist der erste Juni und der Bericht vom ersten\/zweiten Mai wartet noch: Hier kommt er, diesmal ganz ungewohnt ohne Bilder \ud83d\ude42 .<\/p>\n<p>Die erste Wanderung war am Nachmittag\/Abend des ersten Mai. Sp\u00e4ter als gedacht sind wir im sch\u00f6nen Chiemgau angekommen, wollten es uns aber nicht nehmen lassen, noch &#8222;kurz&#8220; auf dem Hochfelln vorbeizuschauen. Daher sind wir im schnellen Schritt nach oben gewandert. Uns kamen haufenweise Leute entgegen, die schon am Gipfel gewesen waren. Durch den Wald wanderten wir richtung Mittelstation. Ich genoss den Weg, das letzte Mal waren wir von der anderen Seite gewandert und ich hatte ganz vergessen, wie sch\u00f6n es auch von dieser Seite ist. An der Mittelstation angekommen machten wir kurz eine Apfel-Pause und wanderten dann flott weiter unserem Ziel entgegen. Nun waren wir felsiger unterwegs und wir fanden auch noch Restschnee. Das war aber nicht viel und behinderte das Vorankommen nicht. Und dann hatten wir auch schon den Gipfel erreicht. Zwei\/drei Leute waren noch da, aber ansonsten hatten wir den Gipfel f\u00fcr uns allein, was auf dem Hochfelln wirklich selten ist. So packten wir unsere kleine Toastbrotzeit aus und blickten zum Chiemsee. Dann machten wir uns auch schon wieder auf den Weg nach unten. Nun ging es noch schneller als vorher und ab der Mittelstation war es mehr ein Berglauf als wandern. Aber das war f\u00fcr diesen Abend genau richtig und so war der Abendausflug auf den Hochfelln auch ohne zeitliche Probleme schon wieder vorbei.<\/p>\n<p>Am Tag darauf war das Wetter schon schlechter. Alles war zugezogen, Regenwolken schienen sich anzuk\u00fcndigen. Es sah aber trotzdem so aus, als w\u00fcrde es noch einigerma\u00dfen trocken bleiben. Daher packten wir wieder unsere Wandersachen und machten uns auf den Weg zum Parkplatz Winklmoosalm. Leider muss man daf\u00fcr eine Mautstra\u00dfe hochfahren. Das n\u00e4chste Mal w\u00fcrden wir im Tal starten&#8230; Den halben Berg mit dem Auto zu &#8222;erklimmen&#8220; entspricht nicht unserer Vorstellung von wandern. Trotzdem erwartete uns hier eine sehr sch\u00f6ne Wanderung. Das Wetter war zwar immer noch sehr zugezogen und neblig, aber das hat seinen eigenen Reiz. Zuerst wanderten wir \u00fcber einen Forstweg, dann \u00fcber Wiesen und schlie\u00dflich am Hang hinauf \u00fcber Wald und Fels. Umso h\u00f6her wir kamen, umso nebliger wurde es. Als wir dann den Grat erreicht hatten und diesen entlang wanderten, schaffte das eine besondere Stimmung. Obwohl es links und rechts von uns steil nach unten ging und der Ausblick sicher herrlich gewesen w\u00e4re, wanderten wir durch die Wolken. Oft sah man nicht mal, was als n\u00e4chstes kommen w\u00fcrde. Diese Reise durch den Himmel f\u00fchrte uns zum Gipfelkreuz des D\u00fcrrnbachhorns. Dort machten wir Pause und holten unsere Brotzeit raus. Das Wetter schenkte uns dann sogar eine Wolkenl\u00fccke und ein klein bisschen Aussicht zum Schluss. Gest\u00e4rkt und dankbar f\u00fcr den klaren Moment wanderten wir weiter zur Bergstation des historischen Sesselliftes und wieder richtung Tal. Auch die Seite des D\u00fcrrnbachhorns bietet eine sch\u00f6ne nat\u00fcrliche Landschaft mit Wald, Fels und zahlreichen Pflanzen. Normalerweise geht man die Wanderung andersrum an, so war es uns aufgrund der matschigen Wege aber lieber. Wieder am Auto angekommen blieb eine Aufgabe: Vom &#8222;echten&#8220; Tal, also Seegatterl, auf das D\u00fcrrnbachhorn zu wandern und das ganze bei sch\u00f6nem Wetter \ud83d\ude42 .<\/p>\n<p>Liebe Gr\u00fc\u00dfe,<br \/>\nSabine \ud83d\ude42<\/p>\n","protected":false},"excerpt":{"rendered":"<p>Hall\u00f6chen, heute ist der erste Juni und der Bericht vom ersten\/zweiten Mai wartet noch: Hier kommt er, diesmal ganz ungewohnt ohne Bilder \ud83d\ude42 . Die erste Wanderung war am Nachmittag\/Abend des ersten Mai. Sp\u00e4ter als gedacht sind wir im sch\u00f6nen Chiemgau angekommen, wollten es uns aber nicht nehmen lassen, noch &#8222;kurz&#8220; auf dem Hochfelln vorbeizuschauen. [&hellip;]<\/p>\n","protected":false},"author":4,"featured_media":0,"comment_status":"open","ping_status":"closed","sticky":false,"template":"","format":"standard","meta":{"footnotes":""},"categories":[10],"tags":[688,636],"class_list":["post-5418","post","type-post","status-publish","format-standard","hentry","category-wandern","tag-duerrnbachhorn","tag-hochfelln"],"_links":{"self":[{"href":"https:\/\/www.sbrunner.net\/index.php?rest_route=\/wp\/v2\/posts\/5418","targetHints":{"allow":["GET"]}}],"collection":[{"href":"https:\/\/www.sbrunner.net\/index.php?rest_route=\/wp\/v2\/posts"}],"about":[{"href":"https:\/\/www.sbrunner.net\/index.php?rest_route=\/wp\/v2\/types\/post"}],"author":[{"embeddable":true,"href":"https:\/\/www.sbrunner.net\/index.php?rest_route=\/wp\/v2\/users\/4"}],"replies":[{"embeddable":true,"href":"https:\/\/www.sbrunner.net\/index.php?rest_route=%2Fwp%2Fv2%2Fcomments&post=5418"}],"version-history":[{"count":3,"href":"https:\/\/www.sbrunner.net\/index.php?rest_route=\/wp\/v2\/posts\/5418\/revisions"}],"predecessor-version":[{"id":5443,"href":"https:\/\/www.sbrunner.net\/index.php?rest_route=\/wp\/v2\/posts\/5418\/revisions\/5443"}],"wp:attachment":[{"href":"https:\/\/www.sbrunner.net\/index.php?rest_route=%2Fwp%2Fv2%2Fmedia&parent=5418"}],"wp:term":[{"taxonomy":"category","embeddable":true,"href":"https:\/\/www.sbrunner.net\/index.php?rest_route=%2Fwp%2Fv2%2Fcategories&post=5418"},{"taxonomy":"post_tag","embeddable":true,"href":"https:\/\/www.sbrunner.net\/index.php?rest_route=%2Fwp%2Fv2%2Ftags&post=5418"}],"curies":[{"name":"wp","href":"https:\/\/api.w.org\/{rel}","templated":true}]}}