{"id":5403,"date":"2014-05-11T08:22:54","date_gmt":"2014-05-11T07:22:54","guid":{"rendered":"http:\/\/www.sbrunner.net\/?p=5403"},"modified":"2014-06-01T16:42:34","modified_gmt":"2014-06-01T15:42:34","slug":"feierabendwanderung-auf-den-rechelkopf-1330m-und-schuerfenkopfsonntraten-1096m","status":"publish","type":"post","link":"https:\/\/www.sbrunner.net\/?p=5403","title":{"rendered":"Feierabendwanderung auf den Rechelkopf (1330m) und Sch\u00fcrfenkopf\/Sonntraten (1096m)"},"content":{"rendered":"<p>Hall\u00f6chen zusammen!<\/p>\n<p>Das letzte Aprilwochenende lag vor uns und es war klar, dass wir da nicht wandern k\u00f6nnen w\u00fcrden. Auch wenn die letzte Wanderung erst ein paar Tage zur\u00fcck lag, waren wir etwas ungl\u00fccklich dar\u00fcber. Aber das konnte man leider nicht \u00e4ndern&#8230; Oder doch?<\/p>\n<p>Die L\u00f6sung war der sonnige warme Freitag und damit eine sehr spontane und kurzfristige Idee, das sch\u00f6ne Wetter auszunutzen: Eine kleine Feierabendwanderung. Und somit planten wir eine Wanderung ab Gai\u00dfach am sp\u00e4ten Nachmittag \ud83d\ude00 .<\/p>\n<p>Schnell war eine kleine Tour rausgesucht. Wir wollten auf den Rechelkopf (<a href=\"http:\/\/hoehenrausch.de\/berge\/rechelkopf\/index.php\" target=\"_blank\">hier<\/a>). Auf ging&#8217;s nach Gai\u00dfach! In der Wegbeschreibung sollte man aufpassen, dass man nicht der Ausschilderung zur Hacker-Pschorr-Arena folgt &#8211; man f\u00e4hrt zwar an ihr vorbei, aber von der anderen Seite, man muss also weiter der B13 folgen.<\/p>\n<p>In Gai\u00dfach am Wanderparkplatz angekommen wanderten wir los. Ganz ungewohnt war es, nach einem Arbeitstag noch auf den Berg zu gehen. Wir waren noch unruhig und man sp\u00fcrte den letzten Stress des Tages. Das legte sich aber nach den ersten H\u00f6henmetern und wir konnten die Tour endlich genie\u00dfen.<\/p>\n<p>Und da hatten wir uns eine wirklich sch\u00f6ne Tour f\u00fcr den Abend ausgesucht. Los ging es durch den Wald. Schon bald erreichten wir eine Lichtung mit einem Grashang und einem Holzstadel. Dann durchquerten wir nochmal ein kurzes St\u00fcck Wald und fanden uns wieder auf einer Lichtung. Wir folgten den Stufen bergauf bis zu einer Bank.<\/p>\n<p><a href=\"https:\/\/www.sbrunner.net\/wp-content\/uploads\/2014\/04\/RechelkopfSonntraten_1.jpg\"><img decoding=\"async\" class=\"alignnone size-full wp-image-5421\" src=\"https:\/\/www.sbrunner.net\/wp-content\/uploads\/2014\/04\/RechelkopfSonntraten_1.jpg\" alt=\"RechelkopfSonntraten_1\" width=\"400\" srcset=\"https:\/\/www.sbrunner.net\/wp-content\/uploads\/2014\/04\/RechelkopfSonntraten_1.jpg 800w, https:\/\/www.sbrunner.net\/wp-content\/uploads\/2014\/04\/RechelkopfSonntraten_1-300x225.jpg 300w\" sizes=\"(max-width: 800px) 100vw, 800px\" \/><\/a><\/p>\n<p>Und damit hatten wir schon nach kurzer Zeit einen sch\u00f6nen Blick ins Isartal. Das ging wirklich schnell. Der Gipfel war aber noch weit entfernt. Denn nun wanderten wir wieder durch den Wald, der mal mehr und mal weniger dicht war. Die Pfade sind gut unterst\u00fctzt mit Stufen und oft hatten wir mehrere m\u00f6gliche Pfade. Das hin- und herwechseln ist ein Spa\u00df f\u00fcr sich \ud83d\ude09 .<\/p>\n<p>Dann trafen wir auf einen Forstweg. Eine Alm war zu unserer Linken, der Weg ging aber weiter nach rechts. Dort sahen wir auch die Abzweigung zur Sonntraten, die wir uns f\u00fcr sp\u00e4ter aufheben wollten.<\/p>\n<p>Unser Weg f\u00fchrte weiter durch den Wald \u00fcber abwechslungsreiche Pfade nach oben. Die Wanderung war gef\u00fchlt l\u00e4nger als erwartet und langsam wollten wir den Gipfel sehen. Nachdem das Abendessen noch vor uns lag, r\u00fcckte das Magengrummeln immer mehr in den Vordergrund. Aber da kamen wir auch schon aus dem Wald hinaus und hatten den letzten Grasr\u00fccken vor uns.<\/p>\n<p><a href=\"https:\/\/www.sbrunner.net\/wp-content\/uploads\/2014\/04\/RechelkopfSonntraten_2.jpg\"><img decoding=\"async\" class=\"alignnone size-full wp-image-5422\" src=\"https:\/\/www.sbrunner.net\/wp-content\/uploads\/2014\/04\/RechelkopfSonntraten_2.jpg\" alt=\"RechelkopfSonntraten_2\" width=\"800\" srcset=\"https:\/\/www.sbrunner.net\/wp-content\/uploads\/2014\/04\/RechelkopfSonntraten_2.jpg 1000w, https:\/\/www.sbrunner.net\/wp-content\/uploads\/2014\/04\/RechelkopfSonntraten_2-300x84.jpg 300w\" sizes=\"(max-width: 1000px) 100vw, 1000px\" \/><\/a><\/p>\n<p>Wir wanderten die letzten H\u00f6henmeter hinauf und hatten das Gipfelkreuz im Blick. Geschafft! Der Wind war \u00fcberraschend k\u00fchl und etwas ungem\u00fctlich. Aber wir wollten erst mal die Aussicht ins Tal genie\u00dfen. Ein richtiger Gipfel war das zwar irgendwie nicht, aber sch\u00f6n war&#8217;s trotzdem.<\/p>\n<p><a href=\"https:\/\/www.sbrunner.net\/wp-content\/uploads\/2014\/04\/RechelkopfSonntraten_3.jpg\"><img decoding=\"async\" class=\"alignnone size-full wp-image-5423\" src=\"https:\/\/www.sbrunner.net\/wp-content\/uploads\/2014\/04\/RechelkopfSonntraten_3.jpg\" alt=\"RechelkopfSonntraten_3\" width=\"400\" srcset=\"https:\/\/www.sbrunner.net\/wp-content\/uploads\/2014\/04\/RechelkopfSonntraten_3.jpg 800w, https:\/\/www.sbrunner.net\/wp-content\/uploads\/2014\/04\/RechelkopfSonntraten_3-300x225.jpg 300w\" sizes=\"(max-width: 800px) 100vw, 800px\" \/><\/a><\/p>\n<p>Was f\u00fcr eine herrlich gute Idee, nach einem stressigen Arbeitstag noch in die Berge zu fahren. Das lag nun alles hinter uns und war vergessen. Vom Gipfel aus wirkt alles wie still stehend und die Probleme, die man da unten hat, kann man zumindest f\u00fcr den Gipfelmoment im Tal lassen. Was f\u00fcr ein Genuss!<\/p>\n<p>Nun meldete sich der Magen aber wieder sehr deutlich. Etwas unterhalb vom Gipfelkreuz machten wir es uns gem\u00fctlich und hatten damit auch ein windstilles Pl\u00e4tzchen gefunden. Die Brotzeit stillte zumindest f\u00fcr den Moment den Hunger und wir hatten wieder Kraft f\u00fcr den Abstieg.<\/p>\n<p><a href=\"https:\/\/www.sbrunner.net\/wp-content\/uploads\/2014\/04\/RechelkopfSonntraten_5.jpg\"><img decoding=\"async\" class=\"alignnone size-full wp-image-5425\" src=\"https:\/\/www.sbrunner.net\/wp-content\/uploads\/2014\/04\/RechelkopfSonntraten_5.jpg\" alt=\"RechelkopfSonntraten_5\" width=\"300\" srcset=\"https:\/\/www.sbrunner.net\/wp-content\/uploads\/2014\/04\/RechelkopfSonntraten_5.jpg 600w, https:\/\/www.sbrunner.net\/wp-content\/uploads\/2014\/04\/RechelkopfSonntraten_5-225x300.jpg 225w\" sizes=\"(max-width: 600px) 100vw, 600px\" \/><\/a><\/p>\n<p>Wir wanderten den gleichen Weg wieder nach unten, der aber nicht langweilig wurde. Die Tour ist wirklich sehr abwechslungsreich und macht Spa\u00df. Schon bald waren wir wieder an der Abzweigung zur Sonntraten. Wie weit w\u00fcrde es wohl sein? Wir wussten es nicht und folgten dem Weg. Vom Gef\u00fchl her ging es eher weiter bergab und wir wurden zunehmend unsicher, ob wir richtig waren. Irgendwann kamen wir an eine kleine Lichtung mit zwei Holzh\u00fctten.<\/p>\n<p><a href=\"https:\/\/www.sbrunner.net\/wp-content\/uploads\/2014\/04\/RechelkopfSonntraten_6.jpg\"><img decoding=\"async\" class=\"alignnone size-full wp-image-5426\" src=\"https:\/\/www.sbrunner.net\/wp-content\/uploads\/2014\/04\/RechelkopfSonntraten_6.jpg\" alt=\"RechelkopfSonntraten_6\" width=\"400\" srcset=\"https:\/\/www.sbrunner.net\/wp-content\/uploads\/2014\/04\/RechelkopfSonntraten_6.jpg 800w, https:\/\/www.sbrunner.net\/wp-content\/uploads\/2014\/04\/RechelkopfSonntraten_6-300x225.jpg 300w\" sizes=\"(max-width: 800px) 100vw, 800px\" \/><\/a><\/p>\n<p>Nun wollten wir wieder umkehren. Von hier aus hatten wir zumindest noch einen sch\u00f6nen Ausblick, aber einen Gipfel fanden wir nicht. Also den gleichen Weg zur\u00fcckwandern&#8230; Aber da entdeckte ich noch einen kleinen Trampelpfad in den Wald.<\/p>\n<p><a href=\"https:\/\/www.sbrunner.net\/wp-content\/uploads\/2014\/04\/RechelkopfSonntraten_8.jpg\"><img decoding=\"async\" class=\"alignnone size-full wp-image-5428\" src=\"https:\/\/www.sbrunner.net\/wp-content\/uploads\/2014\/04\/RechelkopfSonntraten_8.jpg\" alt=\"RechelkopfSonntraten_8\" width=\"300\" srcset=\"https:\/\/www.sbrunner.net\/wp-content\/uploads\/2014\/04\/RechelkopfSonntraten_8.jpg 600w, https:\/\/www.sbrunner.net\/wp-content\/uploads\/2014\/04\/RechelkopfSonntraten_8-223x300.jpg 223w\" sizes=\"(max-width: 600px) 100vw, 600px\" \/><\/a><a href=\"https:\/\/www.sbrunner.net\/wp-content\/uploads\/2014\/04\/RechelkopfSonntraten_7.jpg\"><img decoding=\"async\" class=\"alignnone size-full wp-image-5427\" src=\"https:\/\/www.sbrunner.net\/wp-content\/uploads\/2014\/04\/RechelkopfSonntraten_7.jpg\" alt=\"RechelkopfSonntraten_7\" width=\"300\" srcset=\"https:\/\/www.sbrunner.net\/wp-content\/uploads\/2014\/04\/RechelkopfSonntraten_7.jpg 600w, https:\/\/www.sbrunner.net\/wp-content\/uploads\/2014\/04\/RechelkopfSonntraten_7-225x300.jpg 225w\" sizes=\"(max-width: 600px) 100vw, 600px\" \/><\/a><\/p>\n<p>Gesucht und gefunden! Ein kleines Holzkreuz war hier aufgebaut und am Baum fand sich auch das gesuchte Schild. Das also sollte der Gipfel sein! Dann war der Weg also doch nicht umsonst \ud83d\ude09 . Somit hatten wir die Sonntraten doch gefunden und konnten mit einem besseren Gef\u00fchl wieder zur\u00fcck zum Forstweg wandern.<\/p>\n<p><a href=\"https:\/\/www.sbrunner.net\/wp-content\/uploads\/2014\/04\/RechelkopfSonntraten_9.jpg\"><img decoding=\"async\" class=\"alignnone size-full wp-image-5429\" src=\"https:\/\/www.sbrunner.net\/wp-content\/uploads\/2014\/04\/RechelkopfSonntraten_9.jpg\" alt=\"RechelkopfSonntraten_9\" width=\"300\" srcset=\"https:\/\/www.sbrunner.net\/wp-content\/uploads\/2014\/04\/RechelkopfSonntraten_9.jpg 600w, https:\/\/www.sbrunner.net\/wp-content\/uploads\/2014\/04\/RechelkopfSonntraten_9-225x300.jpg 225w\" sizes=\"(max-width: 600px) 100vw, 600px\" \/><\/a><\/p>\n<p>Von da an wanderten wir wieder den gewohnten Weg zum Tal, wobei sich Pfade, Stufen, Wald und Lichtung in sch\u00f6ner Regelm\u00e4\u00dfigkeit abwechselten. Dann hatten wir auch wieder den anfangs so sch\u00f6nen Ausblick ins Isartal, wanderten am Holzstadel vorbei und die letzten Meter durch den Wald.<\/p>\n<p>Am Wanderparkplatz angekommen entschieden wir uns, das Urlaubsgef\u00fchl noch etwas auszuweiten und bei der Durchfahrt von Bad T\u00f6lz einen Abstecher ins Stadtzentrum zu machen. Mit Spaghetti und Pizza beendeten wir so eine wundersch\u00f6ne Feierabendwanderung!<\/p>\n<p>Liebe Gr\u00fc\u00dfe,<br \/>\nSabine \ud83d\ude42<\/p>\n","protected":false},"excerpt":{"rendered":"<p>Hall\u00f6chen zusammen! Das letzte Aprilwochenende lag vor uns und es war klar, dass wir da nicht wandern k\u00f6nnen w\u00fcrden. Auch wenn die letzte Wanderung erst ein paar Tage zur\u00fcck lag, waren wir etwas ungl\u00fccklich dar\u00fcber. Aber das konnte man leider nicht \u00e4ndern&#8230; Oder doch? Die L\u00f6sung war der sonnige warme Freitag und damit eine sehr [&hellip;]<\/p>\n","protected":false},"author":4,"featured_media":0,"comment_status":"open","ping_status":"closed","sticky":false,"template":"","format":"standard","meta":{"footnotes":""},"categories":[10],"tags":[683,682,681,680],"class_list":["post-5403","post","type-post","status-publish","format-standard","hentry","category-wandern","tag-gaissach","tag-rechelkopf","tag-schuerfenkopf","tag-sonntraten"],"_links":{"self":[{"href":"https:\/\/www.sbrunner.net\/index.php?rest_route=\/wp\/v2\/posts\/5403","targetHints":{"allow":["GET"]}}],"collection":[{"href":"https:\/\/www.sbrunner.net\/index.php?rest_route=\/wp\/v2\/posts"}],"about":[{"href":"https:\/\/www.sbrunner.net\/index.php?rest_route=\/wp\/v2\/types\/post"}],"author":[{"embeddable":true,"href":"https:\/\/www.sbrunner.net\/index.php?rest_route=\/wp\/v2\/users\/4"}],"replies":[{"embeddable":true,"href":"https:\/\/www.sbrunner.net\/index.php?rest_route=%2Fwp%2Fv2%2Fcomments&post=5403"}],"version-history":[{"count":10,"href":"https:\/\/www.sbrunner.net\/index.php?rest_route=\/wp\/v2\/posts\/5403\/revisions"}],"predecessor-version":[{"id":5469,"href":"https:\/\/www.sbrunner.net\/index.php?rest_route=\/wp\/v2\/posts\/5403\/revisions\/5469"}],"wp:attachment":[{"href":"https:\/\/www.sbrunner.net\/index.php?rest_route=%2Fwp%2Fv2%2Fmedia&parent=5403"}],"wp:term":[{"taxonomy":"category","embeddable":true,"href":"https:\/\/www.sbrunner.net\/index.php?rest_route=%2Fwp%2Fv2%2Fcategories&post=5403"},{"taxonomy":"post_tag","embeddable":true,"href":"https:\/\/www.sbrunner.net\/index.php?rest_route=%2Fwp%2Fv2%2Ftags&post=5403"}],"curies":[{"name":"wp","href":"https:\/\/api.w.org\/{rel}","templated":true}]}}