{"id":4230,"date":"2012-11-11T09:23:45","date_gmt":"2012-11-11T07:23:45","guid":{"rendered":"http:\/\/www.sbrunner.net\/?p=4230"},"modified":"2012-11-12T10:54:18","modified_gmt":"2012-11-12T08:54:18","slug":"borkenkaferrunde","status":"publish","type":"post","link":"https:\/\/www.sbrunner.net\/?p=4230","title":{"rendered":"Borkenk\u00e4ferrunde"},"content":{"rendered":"<p>Hallo zusammen!<\/p>\n<p>Eine Aufgabe die sich durch das Praktikum gezogen hat, war das Entwickeln eines neuen Bildungsprogrammes zum Thema Waldentwicklung. Ich habe mich dabei haupts\u00e4chlich auf den Teil &#8222;Borkenk\u00e4fer-Fichte&#8220; konzentriert. Ziel davon ist, den Sch\u00fclern einerseits Biologie von Fichte und Borkenk\u00e4fer zu lernen und andererseits die Problematik von Borkenk\u00e4ferloch, Borkenk\u00e4ferbek\u00e4mpfung und Co. Um die Anlaufpunkte f\u00fcr verschiedene Aktivit\u00e4ten festzulegen, war ich diese Woche im Schmilkaer Gebiet und habe nach geeigneten Stellen gesucht.<\/p>\n<p><a href=\"https:\/\/www.sbrunner.net\/wp-content\/uploads\/2012\/11\/PfdU23_1.jpg\"><img loading=\"lazy\" decoding=\"async\" src=\"https:\/\/www.sbrunner.net\/wp-content\/uploads\/2012\/11\/PfdU23_1-225x300.jpg\" alt=\"\" title=\"PfdU23_1\" width=\"225\" height=\"300\" class=\"alignnone size-medium wp-image-4237\" srcset=\"https:\/\/www.sbrunner.net\/wp-content\/uploads\/2012\/11\/PfdU23_1-225x300.jpg 225w, https:\/\/www.sbrunner.net\/wp-content\/uploads\/2012\/11\/PfdU23_1.jpg 300w\" sizes=\"auto, (max-width: 225px) 100vw, 225px\" \/><\/a><a href=\"https:\/\/www.sbrunner.net\/wp-content\/uploads\/2012\/11\/PfdU23_2.jpg\"><img loading=\"lazy\" decoding=\"async\" src=\"https:\/\/www.sbrunner.net\/wp-content\/uploads\/2012\/11\/PfdU23_2-225x300.jpg\" alt=\"\" title=\"PfdU23_2\" width=\"225\" height=\"300\" class=\"alignnone size-medium wp-image-4237\" \/><\/a><\/p>\n<p>Man l\u00e4uft anfangs \u00fcber den Wurzelweg nach oben und dann den Reitsteig entlang an den Borkenk\u00e4ferl\u00f6chern vorbei. F\u00fcr die ersten beiden Aktivit\u00e4ten zum Thema Waldentwicklung und Fichte habe ich Fl\u00e4chen am Wurzelweg ausgew\u00e4hlt. Wichtig war hier, dass zum einen Wald mit verschiedenen Sukzessionsstufen vorliegt, also junge B\u00e4ume ebenso wie Totholz etc. Au\u00dferdem war eine Stelle mit vielen Fichten wichtig.<\/p>\n<p><a href=\"https:\/\/www.sbrunner.net\/wp-content\/uploads\/2012\/11\/PfdU23_3.jpg\"><img loading=\"lazy\" decoding=\"async\" src=\"https:\/\/www.sbrunner.net\/wp-content\/uploads\/2012\/11\/PfdU23_3-225x300.jpg\" alt=\"\" title=\"PfdU23_3\" width=\"225\" height=\"300\" class=\"alignnone size-medium wp-image-4237\" \/><\/a><a href=\"https:\/\/www.sbrunner.net\/wp-content\/uploads\/2012\/11\/PfdU23_4.jpg\"><img loading=\"lazy\" decoding=\"async\" src=\"https:\/\/www.sbrunner.net\/wp-content\/uploads\/2012\/11\/PfdU23_4-225x300.jpg\" alt=\"\" title=\"PfdU23_4\" width=\"225\" height=\"300\" class=\"alignnone size-medium wp-image-4237\" \/><\/a><\/p>\n<p>F\u00fcr die Borkenk\u00e4feraktivit\u00e4ten bot es sich an, das direkt am Borkenk\u00e4ferloch zu machen und dort entsprechende Stellen zu suchen. Vom Bayerischen Wald kennt man ganz andere Bilder, aber auch diese Borkenk\u00e4ferl\u00f6cher sind immer wieder beeindruckend. <\/p>\n<p><a href=\"https:\/\/www.sbrunner.net\/wp-content\/uploads\/2012\/11\/PfdU23_5.jpg\"><img loading=\"lazy\" decoding=\"async\" src=\"https:\/\/www.sbrunner.net\/wp-content\/uploads\/2012\/11\/PfdU23_5-225x300.jpg\" alt=\"\" title=\"PfdU23_5\" width=\"225\" height=\"300\" class=\"alignnone size-medium wp-image-4237\" \/><\/a><a href=\"https:\/\/www.sbrunner.net\/wp-content\/uploads\/2012\/11\/PfdU23_6.jpg\"><img loading=\"lazy\" decoding=\"async\" src=\"https:\/\/www.sbrunner.net\/wp-content\/uploads\/2012\/11\/PfdU23_6-225x300.jpg\" alt=\"\" title=\"PfdU23_6\" width=\"225\" height=\"300\" class=\"alignnone size-medium wp-image-4237\" \/><\/a><\/p>\n<p>Der Borkenk\u00e4fer ist daran nur sekund\u00e4r Schuld, die Hauptschuld tr\u00e4gt der Mensch, der die Fichtenmonokultur angelegt hat. Nur so hatte der Borkenk\u00e4fer optimale Bedingungen.<\/p>\n<p><a href=\"https:\/\/www.sbrunner.net\/wp-content\/uploads\/2012\/11\/PfdU23_7.jpg\"><img loading=\"lazy\" decoding=\"async\" src=\"https:\/\/www.sbrunner.net\/wp-content\/uploads\/2012\/11\/PfdU23_7-225x300.jpg\" alt=\"\" title=\"PfdU23_7\" width=\"225\" height=\"300\" class=\"alignnone size-medium wp-image-4237\" \/><\/a><\/p>\n<p>Der Himmel war voller Wolken und es regnete auch immer wieder, als ich unterwegs war. In Verbindung mit den teilweise doch schon relativ kahlen B\u00e4umen und den Felsen war das eine ganz besondere Stimmung.<\/p>\n<p><a href=\"https:\/\/www.sbrunner.net\/wp-content\/uploads\/2012\/11\/PfdU23_8.jpg\"><img loading=\"lazy\" decoding=\"async\" src=\"https:\/\/www.sbrunner.net\/wp-content\/uploads\/2012\/11\/PfdU23_8-300x225.jpg\" alt=\"\" title=\"PfdU23_8\" width=\"300\" height=\"225\" class=\"alignnone size-medium wp-image-4232\" srcset=\"https:\/\/www.sbrunner.net\/wp-content\/uploads\/2012\/11\/PfdU23_8-300x225.jpg 300w, https:\/\/www.sbrunner.net\/wp-content\/uploads\/2012\/11\/PfdU23_8.jpg 400w\" sizes=\"auto, (max-width: 300px) 100vw, 300px\" \/><\/a><\/p>\n<p>Die Aussicht, die ich auf dem Weg immer wieder hatte, war aber gerade dadurch auch wieder einzigartig. Deshalb hatte ich dann doch noch einen kleinen Abstecher zum Carolafelsen gemacht, der nur zehn Minuten Umweg bedeutete.<\/p>\n<p><a href=\"https:\/\/www.sbrunner.net\/wp-content\/uploads\/2012\/11\/PfdU23_9.jpg\"><img loading=\"lazy\" decoding=\"async\" src=\"https:\/\/www.sbrunner.net\/wp-content\/uploads\/2012\/11\/PfdU23_9-300x225.jpg\" alt=\"\" title=\"PfdU23_9\" width=\"300\" height=\"225\" class=\"alignnone size-medium wp-image-4232\" \/><\/a><a href=\"https:\/\/www.sbrunner.net\/wp-content\/uploads\/2012\/11\/PfdU23_10.jpg\"><img loading=\"lazy\" decoding=\"async\" src=\"https:\/\/www.sbrunner.net\/wp-content\/uploads\/2012\/11\/PfdU23_10-300x225.jpg\" alt=\"\" title=\"PfdU23_10\" width=\"300\" height=\"225\" class=\"alignnone size-medium wp-image-4232\" \/><\/a><a href=\"https:\/\/www.sbrunner.net\/wp-content\/uploads\/2012\/11\/PfdU23_11.jpg\"><img loading=\"lazy\" decoding=\"async\" src=\"https:\/\/www.sbrunner.net\/wp-content\/uploads\/2012\/11\/PfdU23_11-300x225.jpg\" alt=\"\" title=\"PfdU23_11\" width=\"300\" height=\"225\" class=\"alignnone size-medium wp-image-4232\" \/><\/a><\/p>\n<p>Und da sah es ganz anders aus als sonst. Bisher hatte ich immer Gl\u00fcck gehabt und war bei sch\u00f6nem Wetter da, dieses Mal zogen die Wolken umher und es regnete. Da ist schon das Gef\u00fchl ganz anders, mit dem man auf dem Felsen steht.<\/p>\n<p><a href=\"https:\/\/www.sbrunner.net\/wp-content\/uploads\/2012\/11\/PfdU23_12.jpg\"><img loading=\"lazy\" decoding=\"async\" src=\"https:\/\/www.sbrunner.net\/wp-content\/uploads\/2012\/11\/PfdU23_12-225x300.jpg\" alt=\"\" title=\"PfdU23_12\" width=\"225\" height=\"300\" class=\"alignnone size-medium wp-image-4237\" \/><\/a><\/p>\n<p>Nach diesem kurzen Abstecher ging es weiter die Heilige Stiege nach unten. Ich musste noch f\u00fcr den letzten Anlaufpunkt eine Stelle finden &#8211; dort soll klar gemacht werden, dass auch aus einem Borkenk\u00e4ferloch wieder Wald werden kann &#8211; stabiler Wald. Schlie\u00dflich ist das eine Chance f\u00fcr junge B\u00e4ume, aber es braucht eben Zeit. Am Ende der Heiligen Stiege fand ich auch einen passenden Platz und konnte damit wieder zur\u00fcck nach Schmilka laufen.<\/p>\n<p>Die Aktivit\u00e4ten, Hintergr\u00fcnde und Anlaufpunkte f\u00fcr den Programmteil stehen, fehlen nur noch Materialien, Rucks\u00e4cke und der Testlauf. Wie gerne w\u00fcrde ich diesen durchf\u00fchren, nachdem ich nun richtig im Thema bin, aber der findet wohl erst im kommenden Fr\u00fchling statt.<\/p>\n<p>Liebe Gr\u00fc\u00dfe,<br \/>\nSabine \ud83d\ude42<\/p>\n","protected":false},"excerpt":{"rendered":"<p>Hallo zusammen! Eine Aufgabe die sich durch das Praktikum gezogen hat, war das Entwickeln eines neuen Bildungsprogrammes zum Thema Waldentwicklung. Ich habe mich dabei haupts\u00e4chlich auf den Teil &#8222;Borkenk\u00e4fer-Fichte&#8220; konzentriert. Ziel davon ist, den Sch\u00fclern einerseits Biologie von Fichte und Borkenk\u00e4fer zu lernen und andererseits die Problematik von Borkenk\u00e4ferloch, Borkenk\u00e4ferbek\u00e4mpfung und Co. Um die Anlaufpunkte [&hellip;]<\/p>\n","protected":false},"author":4,"featured_media":0,"comment_status":"open","ping_status":"open","sticky":false,"template":"","format":"standard","meta":{"footnotes":""},"categories":[512,350],"tags":[500,351,428],"class_list":["post-4230","post","type-post","status-publish","format-standard","hentry","category-praktikum","category-praktikum-fur-die-umwelt","tag-borkenkafer","tag-sachsische-schweiz","tag-schmilka"],"_links":{"self":[{"href":"https:\/\/www.sbrunner.net\/index.php?rest_route=\/wp\/v2\/posts\/4230","targetHints":{"allow":["GET"]}}],"collection":[{"href":"https:\/\/www.sbrunner.net\/index.php?rest_route=\/wp\/v2\/posts"}],"about":[{"href":"https:\/\/www.sbrunner.net\/index.php?rest_route=\/wp\/v2\/types\/post"}],"author":[{"embeddable":true,"href":"https:\/\/www.sbrunner.net\/index.php?rest_route=\/wp\/v2\/users\/4"}],"replies":[{"embeddable":true,"href":"https:\/\/www.sbrunner.net\/index.php?rest_route=%2Fwp%2Fv2%2Fcomments&post=4230"}],"version-history":[{"count":6,"href":"https:\/\/www.sbrunner.net\/index.php?rest_route=\/wp\/v2\/posts\/4230\/revisions"}],"predecessor-version":[{"id":4300,"href":"https:\/\/www.sbrunner.net\/index.php?rest_route=\/wp\/v2\/posts\/4230\/revisions\/4300"}],"wp:attachment":[{"href":"https:\/\/www.sbrunner.net\/index.php?rest_route=%2Fwp%2Fv2%2Fmedia&parent=4230"}],"wp:term":[{"taxonomy":"category","embeddable":true,"href":"https:\/\/www.sbrunner.net\/index.php?rest_route=%2Fwp%2Fv2%2Fcategories&post=4230"},{"taxonomy":"post_tag","embeddable":true,"href":"https:\/\/www.sbrunner.net\/index.php?rest_route=%2Fwp%2Fv2%2Ftags&post=4230"}],"curies":[{"name":"wp","href":"https:\/\/api.w.org\/{rel}","templated":true}]}}