{"id":3039,"date":"2012-03-04T12:03:57","date_gmt":"2012-03-04T11:03:57","guid":{"rendered":"http:\/\/www.sbrunner.net\/?p=3039"},"modified":"2013-11-10T15:39:23","modified_gmt":"2013-11-10T14:39:23","slug":"ulm","status":"publish","type":"post","link":"https:\/\/www.sbrunner.net\/?p=3039","title":{"rendered":"Ulm"},"content":{"rendered":"<p>Hall\u00f6chen!<\/p>\n<p>Nachdem f\u00fcr gestern sch\u00f6nes Wetter angesagt war und wir einen freien Tag hatten, mussten wir nur noch entscheiden, wo wir hinfahren wollten. Auf dem Plan stand eine St\u00e4dtetour, die uns mit dem Bayernticket dieses Mal nach <a href=\"http:\/\/de.wikipedia.org\/wiki\/Ulm\" target=\"_blank\">Ulm<\/a> und somit Baden-W\u00fcrttemberg f\u00fchrte.<\/p>\n<p><a href=\"https:\/\/www.sbrunner.net\/wp-content\/uploads\/2012\/03\/ulm01.jpg\"><img loading=\"lazy\" decoding=\"async\" src=\"https:\/\/www.sbrunner.net\/wp-content\/uploads\/2012\/03\/ulm01-225x300.jpg\" alt=\"\" title=\"ulm01\" width=\"225\" height=\"300\" class=\"alignnone size-medium wp-image-3042\" srcset=\"https:\/\/www.sbrunner.net\/wp-content\/uploads\/2012\/03\/ulm01-225x300.jpg 225w, https:\/\/www.sbrunner.net\/wp-content\/uploads\/2012\/03\/ulm01.jpg 300w\" sizes=\"auto, (max-width: 225px) 100vw, 225px\" \/><\/a><a href=\"https:\/\/www.sbrunner.net\/wp-content\/uploads\/2012\/03\/ulm02.jpg\"><img loading=\"lazy\" decoding=\"async\" src=\"https:\/\/www.sbrunner.net\/wp-content\/uploads\/2012\/03\/ulm02-225x300.jpg\" alt=\"\" title=\"ulm02\" width=\"225\" height=\"300\" class=\"alignnone size-medium wp-image-3043\" srcset=\"https:\/\/www.sbrunner.net\/wp-content\/uploads\/2012\/03\/ulm02-225x300.jpg 225w, https:\/\/www.sbrunner.net\/wp-content\/uploads\/2012\/03\/ulm02.jpg 300w\" sizes=\"auto, (max-width: 225px) 100vw, 225px\" \/><\/a><\/p>\n<p>Nach zwei Stunden Fahrt kamen wir am Hauptbahnhof an und liefen von da aus in die Stadt. Direkt am Beginn der Fu\u00dfg\u00e4ngerzone fiel uns dieses Kunstobjekt (linkes Bild) auf. Es macht darauf aufmerksam, dass an genau dieser Stelle das Geburtshaus Albert Einsteins gestanden hatte, wo er am 14. M\u00e4rz 1879 zur Welt kam. Nach dieser Erkenntnis liefen wir weiter. Typisch f\u00fcr Samstag war die Fu\u00dfg\u00e4ngerzone voll mit Menschen, die sich mit Kleidung und Co. eindeckten. Unser Ziel war aber das <a href=\"http:\/\/de.wikipedia.org\/wiki\/Ulmer_M%C3%BCnster\" target=\"_blank\">Ulmer M\u00fcnster<\/a>, die Gro\u00dfkirche in Ulm mit dem h\u00f6chsten Kirchturm der Erde mit einer H\u00f6he von 161 Metern. \u00dcber 768 Treppenstufen ist es m\u00f6glich bis auf 143 Meter H\u00f6he zu laufen.<\/p>\n<p><a href=\"https:\/\/www.sbrunner.net\/wp-content\/uploads\/2012\/03\/ulm03.jpg\"><img loading=\"lazy\" decoding=\"async\" src=\"https:\/\/www.sbrunner.net\/wp-content\/uploads\/2012\/03\/ulm03-225x300.jpg\" alt=\"\" title=\"ulm03\" width=\"225\" height=\"300\" class=\"alignnone size-medium wp-image-3044\" srcset=\"https:\/\/www.sbrunner.net\/wp-content\/uploads\/2012\/03\/ulm03-225x300.jpg 225w, https:\/\/www.sbrunner.net\/wp-content\/uploads\/2012\/03\/ulm03.jpg 300w\" sizes=\"auto, (max-width: 225px) 100vw, 225px\" \/><\/a><a href=\"https:\/\/www.sbrunner.net\/wp-content\/uploads\/2012\/03\/ulm04.jpg\"><img loading=\"lazy\" decoding=\"async\" src=\"https:\/\/www.sbrunner.net\/wp-content\/uploads\/2012\/03\/ulm04-225x300.jpg\" alt=\"\" title=\"ulm04\" width=\"225\" height=\"300\" class=\"alignnone size-medium wp-image-3045\" srcset=\"https:\/\/www.sbrunner.net\/wp-content\/uploads\/2012\/03\/ulm04-225x300.jpg 225w, https:\/\/www.sbrunner.net\/wp-content\/uploads\/2012\/03\/ulm04.jpg 300w\" sizes=\"auto, (max-width: 225px) 100vw, 225px\" \/><\/a><\/p>\n<p>Wir schauten uns aber zuerst die Kirche im Inneren an und erfuhren dabei, dass es sich um eine evangelische Kirche handelt, die zur evangelischen Kirchengemeinde Ulm geh\u00f6rt. Das war \u00fcberraschend, nachdem ich bei so beeindruckenden Bauten die Kirchen intuitiv meist als katholisch einordne. Dass das nur an der bayerischen Pr\u00e4gung liegt ist mir sp\u00e4testens seit Finnland klar. In der Kirche schauten wir uns die zahlreichen Kunstwerke an, wozu nicht nur die vielen Figuren z\u00e4hlen, sondern auch die Kirchenfenster mit ihren Bildern, die Altare oder die Marienfigur und die Orgeln. Wir lernten auch, dass die Kirche zehn Glocken hat, die jeweils zu unterschiedlichen Anl\u00e4ssen l\u00e4uten: Gloriosa (Festtagsglocke), Dominica (Sonntagsglocke), gro\u00dfe und kleine Betglocke, Leichenglocke, Kreuzglocke, Landfeuerglocke, Taufglocke, Schiedglocke und Schw\u00f6rglocke. Auf dem Turm konnten wir auch einen Blick zu den Glocken werfen.<\/p>\n<p><a href=\"https:\/\/www.sbrunner.net\/wp-content\/uploads\/2012\/03\/ulm05.jpg\"><img loading=\"lazy\" decoding=\"async\" src=\"https:\/\/www.sbrunner.net\/wp-content\/uploads\/2012\/03\/ulm05-150x150.jpg\" alt=\"\" title=\"ulm05\" width=\"150\" height=\"150\" class=\"alignnone size-thumbnail wp-image-3046\" srcset=\"https:\/\/www.sbrunner.net\/wp-content\/uploads\/2012\/03\/ulm05-150x150.jpg 150w, https:\/\/www.sbrunner.net\/wp-content\/uploads\/2012\/03\/ulm05-100x100.jpg 100w\" sizes=\"auto, (max-width: 150px) 100vw, 150px\" \/><\/a><a href=\"https:\/\/www.sbrunner.net\/wp-content\/uploads\/2012\/03\/ulm06.jpg\"><img loading=\"lazy\" decoding=\"async\" src=\"https:\/\/www.sbrunner.net\/wp-content\/uploads\/2012\/03\/ulm06-150x150.jpg\" alt=\"\" title=\"ulm06\" width=\"150\" height=\"150\" class=\"alignnone size-thumbnail wp-image-3047\" srcset=\"https:\/\/www.sbrunner.net\/wp-content\/uploads\/2012\/03\/ulm06-150x150.jpg 150w, https:\/\/www.sbrunner.net\/wp-content\/uploads\/2012\/03\/ulm06-100x100.jpg 100w\" sizes=\"auto, (max-width: 150px) 100vw, 150px\" \/><\/a><a href=\"https:\/\/www.sbrunner.net\/wp-content\/uploads\/2012\/03\/ulm07.jpg\"><img loading=\"lazy\" decoding=\"async\" src=\"https:\/\/www.sbrunner.net\/wp-content\/uploads\/2012\/03\/ulm07-150x150.jpg\" alt=\"\" title=\"ulm07\" width=\"150\" height=\"150\" class=\"alignnone size-thumbnail wp-image-3048\" srcset=\"https:\/\/www.sbrunner.net\/wp-content\/uploads\/2012\/03\/ulm07-150x150.jpg 150w, https:\/\/www.sbrunner.net\/wp-content\/uploads\/2012\/03\/ulm07-100x100.jpg 100w\" sizes=\"auto, (max-width: 150px) 100vw, 150px\" \/><\/a><\/p>\n<p>Als n\u00e4chstes holten wir ein Ticket, um die 768 Stufen auf den h\u00f6chsten Kirchturm der Erde zu laufen. Das war ein gutes Training ;-). Allerdings gab es zwei Zwischenstopps, bei denen man sich etwas vom Schwindelgef\u00fchl erholen konnte und immer die Hoffnung hatte, schon am Ziel angekommen zu sein. Vom ersten Stopp aus sah man auf den Markt, der vor dem M\u00fcnster stattfand, und alles sah noch recht nah aus.<\/p>\n<p><a href=\"https:\/\/www.sbrunner.net\/wp-content\/uploads\/2012\/03\/ulm08.jpg\"><img loading=\"lazy\" decoding=\"async\" src=\"https:\/\/www.sbrunner.net\/wp-content\/uploads\/2012\/03\/ulm08-225x300.jpg\" alt=\"\" title=\"ulm08\" width=\"225\" height=\"300\" class=\"alignnone size-medium wp-image-3042\" \/><\/a><a href=\"https:\/\/www.sbrunner.net\/wp-content\/uploads\/2012\/03\/ulm10.jpg\"><img loading=\"lazy\" decoding=\"async\" src=\"https:\/\/www.sbrunner.net\/wp-content\/uploads\/2012\/03\/ulm10-225x300.jpg\" alt=\"\" title=\"ulm10\" width=\"225\" height=\"300\" class=\"alignnone size-medium wp-image-3042\" \/><\/a><\/p>\n<p>Der zweite Stopp war schon ein gutes St\u00fcck h\u00f6her und man war da der Meinung, schon am Ziel zu sein. Die engste und unangenehmste Treppe wartete aber noch. W\u00e4hrend es bis dorthin f\u00fcr Auf- und Abstieg getrennte Treppen gab, musste man sich bei den restlichen Stufen teilweise an Leuten, die auf dem Weg nach unten waren, vorbeiquetschen. Das rechte Bild zeigt das letzte Treppenhaus. <\/p>\n<p><a href=\"https:\/\/www.sbrunner.net\/wp-content\/uploads\/2012\/03\/ulm09.jpg\"><img loading=\"lazy\" decoding=\"async\" src=\"https:\/\/www.sbrunner.net\/wp-content\/uploads\/2012\/03\/ulm09-300x225.jpg\" alt=\"\" title=\"ulm09\" width=\"300\" height=\"225\" class=\"alignnone size-medium wp-image-3050\" srcset=\"https:\/\/www.sbrunner.net\/wp-content\/uploads\/2012\/03\/ulm09-300x225.jpg 300w, https:\/\/www.sbrunner.net\/wp-content\/uploads\/2012\/03\/ulm09.jpg 400w\" sizes=\"auto, (max-width: 300px) 100vw, 300px\" \/><\/a><\/p>\n<p>Schon vom letzten Stopp aus hatte man einen guten \u00dcberblick \u00fcber Ulm und eine sch\u00f6ne Sicht. Da zu diesem Zeitpunkt noch der Nebel \u00fcber der Stadt hing, war die Aussicht zwar etwas getr\u00fcbt, aber trotzdem sch\u00f6n.<\/p>\n<p><a href=\"https:\/\/www.sbrunner.net\/wp-content\/uploads\/2012\/03\/ulm11.jpg\"><img loading=\"lazy\" decoding=\"async\" src=\"https:\/\/www.sbrunner.net\/wp-content\/uploads\/2012\/03\/ulm11-150x150.jpg\" alt=\"\" title=\"ulm11\" width=\"150\" height=\"150\" class=\"alignnone size-thumbnail wp-image-3052\" srcset=\"https:\/\/www.sbrunner.net\/wp-content\/uploads\/2012\/03\/ulm11-150x150.jpg 150w, https:\/\/www.sbrunner.net\/wp-content\/uploads\/2012\/03\/ulm11-100x100.jpg 100w\" sizes=\"auto, (max-width: 150px) 100vw, 150px\" \/><\/a><a href=\"https:\/\/www.sbrunner.net\/wp-content\/uploads\/2012\/03\/ulm12.jpg\"><img loading=\"lazy\" decoding=\"async\" src=\"https:\/\/www.sbrunner.net\/wp-content\/uploads\/2012\/03\/ulm12-150x150.jpg\" alt=\"\" title=\"ulm12\" width=\"150\" height=\"150\" class=\"alignnone size-thumbnail wp-image-3053\" srcset=\"https:\/\/www.sbrunner.net\/wp-content\/uploads\/2012\/03\/ulm12-150x150.jpg 150w, https:\/\/www.sbrunner.net\/wp-content\/uploads\/2012\/03\/ulm12-100x100.jpg 100w\" sizes=\"auto, (max-width: 150px) 100vw, 150px\" \/><\/a><a href=\"https:\/\/www.sbrunner.net\/wp-content\/uploads\/2012\/03\/ulm13.jpg\"><img loading=\"lazy\" decoding=\"async\" src=\"https:\/\/www.sbrunner.net\/wp-content\/uploads\/2012\/03\/ulm13-150x150.jpg\" alt=\"\" title=\"ulm13\" width=\"150\" height=\"150\" class=\"alignnone size-thumbnail wp-image-3054\" srcset=\"https:\/\/www.sbrunner.net\/wp-content\/uploads\/2012\/03\/ulm13-150x150.jpg 150w, https:\/\/www.sbrunner.net\/wp-content\/uploads\/2012\/03\/ulm13-100x100.jpg 100w\" sizes=\"auto, (max-width: 150px) 100vw, 150px\" \/><\/a><\/p>\n<p>Am Ziel angekommen war&#8217;s dann zwar auch sehr eng und man konnte nur hintereinander um den Turm rumlaufen, daf\u00fcr war die Sicht aber toll. Man blickte auf eine Modelllandschaft und es sah schon lustig aus, wenn man die kleinen Autos beobachtete und alles wie Spielzeug wirkte. Das Geb\u00e4ude ganz rechts ist \u00fcbrigens der Neue Bau, den ich von der Architektur her ganz sch\u00f6n finde.<br \/>\nDer Abstieg war \u00fcberraschend leicht. Auch wenn man weder beim Weg nach oben noch nach unten H\u00f6hen- oder Platzangst haben sollte, waren wir innerhalb k\u00fcrzester Zeit wieder unten. Das waren gef\u00fchlsm\u00e4\u00dfig nicht ann\u00e4hernd 768 Stufen, w\u00e4hrend ich das beim Aufstieg sofort unterschreiben w\u00fcrde ;-). <\/p>\n<p><a href=\"https:\/\/www.sbrunner.net\/wp-content\/uploads\/2012\/03\/ulm14.jpg\"><img loading=\"lazy\" decoding=\"async\" src=\"https:\/\/www.sbrunner.net\/wp-content\/uploads\/2012\/03\/ulm14-150x150.jpg\" alt=\"\" title=\"ulm14\" width=\"150\" height=\"150\" class=\"alignnone size-thumbnail wp-image-3055\" srcset=\"https:\/\/www.sbrunner.net\/wp-content\/uploads\/2012\/03\/ulm14-150x150.jpg 150w, https:\/\/www.sbrunner.net\/wp-content\/uploads\/2012\/03\/ulm14-100x100.jpg 100w\" sizes=\"auto, (max-width: 150px) 100vw, 150px\" \/><\/a><a href=\"https:\/\/www.sbrunner.net\/wp-content\/uploads\/2012\/03\/ulm15.jpg\"><img loading=\"lazy\" decoding=\"async\" src=\"https:\/\/www.sbrunner.net\/wp-content\/uploads\/2012\/03\/ulm15-150x150.jpg\" alt=\"\" title=\"ulm15\" width=\"150\" height=\"150\" class=\"alignnone size-thumbnail wp-image-3055\" \/><\/a><a href=\"https:\/\/www.sbrunner.net\/wp-content\/uploads\/2012\/03\/ulm16.jpg\"><img loading=\"lazy\" decoding=\"async\" src=\"https:\/\/www.sbrunner.net\/wp-content\/uploads\/2012\/03\/ulm16-150x150.jpg\" alt=\"\" title=\"ulm16\" width=\"150\" height=\"150\" class=\"alignnone size-thumbnail wp-image-3055\" \/><\/a><\/p>\n<p>Das Wetter wurde besser und nach einem kurzen Besuch im Stadthaus Ulm, wo sich die Touristeninformation befindet, hatten wir auch einen Stadtplan und machten uns auf den Weg zum \u00e4ltesten Stadtteil Ulms, dem Fischer- und Gerberviertel. Es liegt an der M\u00fcndung von Blau und Donau und ist mit seinen Gassen und Br\u00fccken sehr idyllisch. Alte Fachwerkh\u00e4user, viel Wasser und das alles in der Enge, wie es fr\u00fcher eben war, vermittelten einen fast schon mittelalterlichen Charakter. Hier befindet sich \u00fcbrigens auch das schiefste Hotel der Welt &#8211; das &#8222;<a href=\"http:\/\/www.hotelschiefeshausulm.de\/\" target=\"_blank\">Schiefe Haus<\/a>&#8222;.<\/p>\n<p><a href=\"https:\/\/www.sbrunner.net\/wp-content\/uploads\/2012\/03\/ulm17.jpg\"><img loading=\"lazy\" decoding=\"async\" src=\"https:\/\/www.sbrunner.net\/wp-content\/uploads\/2012\/03\/ulm17-225x300.jpg\" alt=\"\" title=\"ulm17\" width=\"225\" height=\"300\" class=\"alignnone size-medium wp-image-3058\" srcset=\"https:\/\/www.sbrunner.net\/wp-content\/uploads\/2012\/03\/ulm17-225x300.jpg 225w, https:\/\/www.sbrunner.net\/wp-content\/uploads\/2012\/03\/ulm17.jpg 300w\" sizes=\"auto, (max-width: 225px) 100vw, 225px\" \/><\/a><\/p>\n<p>Zwischen all den sch\u00f6nen alten H\u00e4usern hatten wir auch dieses Gesch\u00e4ft gefunden. Bei genauerem Hinsehen musste ich schon l\u00e4cheln: Ein Geocachingladen, das <a href=\"http:\/\/cache-inn.de\/\" target=\"_blank\">cache-inn<\/a>. Man kann hier GPS-Ger\u00e4te, Geo-Coins, Cachebeh\u00e4lter, Logb\u00fccher und Co. kaufen.<\/p>\n<p><a href=\"https:\/\/www.sbrunner.net\/wp-content\/uploads\/2012\/03\/ulm18.jpg\"><img loading=\"lazy\" decoding=\"async\" src=\"https:\/\/www.sbrunner.net\/wp-content\/uploads\/2012\/03\/ulm18-150x150.jpg\" alt=\"\" title=\"ulm18\" width=\"150\" height=\"150\" class=\"alignnone size-thumbnail wp-image-3055\" \/><\/a><a href=\"https:\/\/www.sbrunner.net\/wp-content\/uploads\/2012\/03\/ulm19.jpg\"><img loading=\"lazy\" decoding=\"async\" src=\"https:\/\/www.sbrunner.net\/wp-content\/uploads\/2012\/03\/ulm19-150x150.jpg\" alt=\"\" title=\"ulm19\" width=\"150\" height=\"150\" class=\"alignnone size-thumbnail wp-image-3055\" \/><\/a><a href=\"https:\/\/www.sbrunner.net\/wp-content\/uploads\/2012\/03\/ulm20.jpg\"><img loading=\"lazy\" decoding=\"async\" src=\"https:\/\/www.sbrunner.net\/wp-content\/uploads\/2012\/03\/ulm20-150x150.jpg\" alt=\"\" title=\"ulm20\" width=\"150\" height=\"150\" class=\"alignnone size-thumbnail wp-image-3055\" \/><\/a><\/p>\n<p>Vom Fischerviertel aus liefen wir zur Donau runter und am Ufer entlang richtung Metzgerturm (drittes Bild). Das Wetter war mittlerweile sehr sch\u00f6n geworden und anstatt Nebel hatten wir Sonnenschein und blauen Himmel. Da war das Entlanglaufen an der Donau und der Stadtmauer gleich doppelt so sch\u00f6n.<\/p>\n<p><a href=\"https:\/\/www.sbrunner.net\/wp-content\/uploads\/2012\/03\/ulm21.jpg\"><img loading=\"lazy\" decoding=\"async\" src=\"https:\/\/www.sbrunner.net\/wp-content\/uploads\/2012\/03\/ulm21-300x225.jpg\" alt=\"\" title=\"ulm21\" width=\"300\" height=\"225\" class=\"alignnone size-medium wp-image-3062\" srcset=\"https:\/\/www.sbrunner.net\/wp-content\/uploads\/2012\/03\/ulm21-300x225.jpg 300w, https:\/\/www.sbrunner.net\/wp-content\/uploads\/2012\/03\/ulm21.jpg 400w\" sizes=\"auto, (max-width: 300px) 100vw, 300px\" \/><\/a><\/p>\n<p>Interessant fand ich auch dieses Holzst\u00fcck, das darauf hinweist, dass im Stadtgarten alle 21 Minuten jene Menge Holz w\u00e4chst, die man vor sich liegen hat. Ulm scheint also auch umweltbewusst und relativ gr\u00fcn zu sein.<\/p>\n<p><a href=\"https:\/\/www.sbrunner.net\/wp-content\/uploads\/2012\/03\/ulm22.jpg\"><img loading=\"lazy\" decoding=\"async\" src=\"https:\/\/www.sbrunner.net\/wp-content\/uploads\/2012\/03\/ulm22-225x300.jpg\" alt=\"\" title=\"ulm22\" width=\"225\" height=\"300\" class=\"alignnone size-medium wp-image-3063\" srcset=\"https:\/\/www.sbrunner.net\/wp-content\/uploads\/2012\/03\/ulm22-225x300.jpg 225w, https:\/\/www.sbrunner.net\/wp-content\/uploads\/2012\/03\/ulm22.jpg 300w\" sizes=\"auto, (max-width: 225px) 100vw, 225px\" \/><\/a><a href=\"https:\/\/www.sbrunner.net\/wp-content\/uploads\/2012\/03\/ulm23.jpg\"><img loading=\"lazy\" decoding=\"async\" src=\"https:\/\/www.sbrunner.net\/wp-content\/uploads\/2012\/03\/ulm23-225x300.jpg\" alt=\"\" title=\"ulm23\" width=\"225\" height=\"300\" class=\"alignnone size-medium wp-image-3064\" srcset=\"https:\/\/www.sbrunner.net\/wp-content\/uploads\/2012\/03\/ulm23-225x300.jpg 225w, https:\/\/www.sbrunner.net\/wp-content\/uploads\/2012\/03\/ulm23.jpg 300w\" sizes=\"auto, (max-width: 225px) 100vw, 225px\" \/><\/a><\/p>\n<p>Auf unserem Weg kamen wir auch am Rosengarten vorbei. Der war zu dieser Jahreszeit noch nicht wirklich sehenswert, das lohnt sich erst in ein paar Monaten, sobald die Rosen erbl\u00fchen. Direkt an der Donau wurden wir von Schw\u00e4nen begleitet, sahen immer wieder Lachm\u00f6wen und zahlreiche andere V\u00f6gel: Sperlinge, Amseln, Meisen aller Art und so weiter. Es war ein sch\u00f6ner Fr\u00fchlingsspaziergang.<\/p>\n<p><a href=\"https:\/\/www.sbrunner.net\/wp-content\/uploads\/2012\/03\/ulm24.jpg\"><img loading=\"lazy\" decoding=\"async\" src=\"https:\/\/www.sbrunner.net\/wp-content\/uploads\/2012\/03\/ulm24-150x150.jpg\" alt=\"\" title=\"ulm24\" width=\"150\" height=\"150\" class=\"alignnone size-thumbnail wp-image-3065\" srcset=\"https:\/\/www.sbrunner.net\/wp-content\/uploads\/2012\/03\/ulm24-150x150.jpg 150w, https:\/\/www.sbrunner.net\/wp-content\/uploads\/2012\/03\/ulm24-100x100.jpg 100w\" sizes=\"auto, (max-width: 150px) 100vw, 150px\" \/><\/a><a href=\"https:\/\/www.sbrunner.net\/wp-content\/uploads\/2012\/03\/ulm25.jpg\"><img loading=\"lazy\" decoding=\"async\" src=\"https:\/\/www.sbrunner.net\/wp-content\/uploads\/2012\/03\/ulm25-150x150.jpg\" alt=\"\" title=\"ulm25\" width=\"150\" height=\"150\" class=\"alignnone size-thumbnail wp-image-3065\" \/><\/a><\/p>\n<p>Auch die Tauben waren gl\u00fccklich \u00fcber die Stadtmauer und nutzten die L\u00f6cher f\u00fcr ihre Nester. Von da aus liefen wir dann wieder zur Stadt hoch, um zu einer weiteren Sehensw\u00fcrdigkeit zu gelangen: Dem Ulmer <a href=\"http:\/\/de.wikipedia.org\/wiki\/Rathaus_%28Ulm%29\" target=\"_blank\">Rathaus<\/a>.<\/p>\n<p><a href=\"https:\/\/www.sbrunner.net\/wp-content\/uploads\/2012\/03\/ulm26.jpg\"><img loading=\"lazy\" decoding=\"async\" src=\"https:\/\/www.sbrunner.net\/wp-content\/uploads\/2012\/03\/ulm26-150x150.jpg\" alt=\"\" title=\"ulm26\" width=\"150\" height=\"150\" class=\"alignnone size-thumbnail wp-image-3065\" \/><\/a><a href=\"https:\/\/www.sbrunner.net\/wp-content\/uploads\/2012\/03\/ulm27.jpg\"><img loading=\"lazy\" decoding=\"async\" src=\"https:\/\/www.sbrunner.net\/wp-content\/uploads\/2012\/03\/ulm27-150x150.jpg\" alt=\"\" title=\"ulm27\" width=\"150\" height=\"150\" class=\"alignnone size-thumbnail wp-image-3065\" \/><\/a><a href=\"https:\/\/www.sbrunner.net\/wp-content\/uploads\/2012\/03\/ulm28.jpg\"><img loading=\"lazy\" decoding=\"async\" src=\"https:\/\/www.sbrunner.net\/wp-content\/uploads\/2012\/03\/ulm28-150x150.jpg\" alt=\"\" title=\"ulm28\" width=\"150\" height=\"150\" class=\"alignnone size-thumbnail wp-image-3065\" \/><\/a><\/p>\n<p>1370 wurde es als Kaufhaus erbaut und wurde dann 1419 zum Rathaus. Neben der sch\u00f6nen Bemalung des Geb\u00e4udes ist auch die astronomische Uhr, die 1520 angebracht wurde, einen Blick wert. Auch wenn das Ablesen der Uhrzeit nicht sofort klar ist ;-).<\/p>\n<p><a href=\"https:\/\/www.sbrunner.net\/wp-content\/uploads\/2012\/03\/ulm29.jpg\"><img loading=\"lazy\" decoding=\"async\" src=\"https:\/\/www.sbrunner.net\/wp-content\/uploads\/2012\/03\/ulm29-225x300.jpg\" alt=\"\" title=\"ulm29\" width=\"225\" height=\"300\" class=\"alignnone size-medium wp-image-3070\" srcset=\"https:\/\/www.sbrunner.net\/wp-content\/uploads\/2012\/03\/ulm29-225x300.jpg 225w, https:\/\/www.sbrunner.net\/wp-content\/uploads\/2012\/03\/ulm29.jpg 300w\" sizes=\"auto, (max-width: 225px) 100vw, 225px\" \/><\/a><\/p>\n<p>Nach einem Kaffee und einem letzten Blick zum M\u00fcnster (und Stadthaus), liefen wir wieder zur\u00fcck zum Bahnhof. Der Regionalexpress nach M\u00fcnchen stand schon bereit und w\u00e4hrend es drau\u00dfen schon dunkel wurde, fuhren wir wieder zur\u00fcck. <\/p>\n<p>Ulm ist eine sehr sch\u00f6ne Stadt, mit dem Zug war ich hier schon oft, mehr als den Bahnhof hatte ich bis gestern aber nicht gesehen. Das sollte aber auf jeden Fall nicht das einzige sein, mit dem man die Stadt verbindet, es gibt noch so viel mehr zu sehen :-).<\/p>\n<p>Liebe Gr\u00fc\u00dfe,<br \/>\nSabine \ud83d\ude42<\/p>\n","protected":false},"excerpt":{"rendered":"<p>Hall\u00f6chen! Nachdem f\u00fcr gestern sch\u00f6nes Wetter angesagt war und wir einen freien Tag hatten, mussten wir nur noch entscheiden, wo wir hinfahren wollten. Auf dem Plan stand eine St\u00e4dtetour, die uns mit dem Bayernticket dieses Mal nach Ulm und somit Baden-W\u00fcrttemberg f\u00fchrte. Nach zwei Stunden Fahrt kamen wir am Hauptbahnhof an und liefen von da [&hellip;]<\/p>\n","protected":false},"author":4,"featured_media":0,"comment_status":"open","ping_status":"closed","sticky":false,"template":"","format":"standard","meta":{"footnotes":""},"categories":[6],"tags":[330,326,327,325,328,329,324,322,323],"class_list":["post-3039","post","type-post","status-publish","format-standard","hentry","category-stadt","tag-astronomische-uhr","tag-fischerviertel","tag-gerberviertel","tag-hochster-kirchturm-der-erde","tag-metzgerturm","tag-rathaus-ulm","tag-schiefes-haus","tag-ulm","tag-ulmer-munster"],"_links":{"self":[{"href":"https:\/\/www.sbrunner.net\/index.php?rest_route=\/wp\/v2\/posts\/3039","targetHints":{"allow":["GET"]}}],"collection":[{"href":"https:\/\/www.sbrunner.net\/index.php?rest_route=\/wp\/v2\/posts"}],"about":[{"href":"https:\/\/www.sbrunner.net\/index.php?rest_route=\/wp\/v2\/types\/post"}],"author":[{"embeddable":true,"href":"https:\/\/www.sbrunner.net\/index.php?rest_route=\/wp\/v2\/users\/4"}],"replies":[{"embeddable":true,"href":"https:\/\/www.sbrunner.net\/index.php?rest_route=%2Fwp%2Fv2%2Fcomments&post=3039"}],"version-history":[{"count":19,"href":"https:\/\/www.sbrunner.net\/index.php?rest_route=\/wp\/v2\/posts\/3039\/revisions"}],"predecessor-version":[{"id":5198,"href":"https:\/\/www.sbrunner.net\/index.php?rest_route=\/wp\/v2\/posts\/3039\/revisions\/5198"}],"wp:attachment":[{"href":"https:\/\/www.sbrunner.net\/index.php?rest_route=%2Fwp%2Fv2%2Fmedia&parent=3039"}],"wp:term":[{"taxonomy":"category","embeddable":true,"href":"https:\/\/www.sbrunner.net\/index.php?rest_route=%2Fwp%2Fv2%2Fcategories&post=3039"},{"taxonomy":"post_tag","embeddable":true,"href":"https:\/\/www.sbrunner.net\/index.php?rest_route=%2Fwp%2Fv2%2Ftags&post=3039"}],"curies":[{"name":"wp","href":"https:\/\/api.w.org\/{rel}","templated":true}]}}