{"id":2942,"date":"2012-01-16T09:58:04","date_gmt":"2012-01-16T08:58:04","guid":{"rendered":"http:\/\/www.sbrunner.net\/?p=2942"},"modified":"2014-07-31T18:55:26","modified_gmt":"2014-07-31T17:55:26","slug":"wintercachingwanderung-auf-den-pfander","status":"publish","type":"post","link":"https:\/\/www.sbrunner.net\/?p=2942","title":{"rendered":"Wintercachingwanderung auf den Pf\u00e4nder"},"content":{"rendered":"<p>Hall\u00f6chen zusammen!<\/p>\n<p>Dieses Wochenende war ich bei einer Freundin, die am Bodensee wohnt. Wir wollten das sch\u00f6ne Wetter f\u00fcr eine Winterwanderung nutzen. Da in \u00d6sterreich vielerorts Lawinenwarnung war, entschieden wir uns f\u00fcr einen nicht allzu hohen Berg: Den <a href=\"http:\/\/www.pfaender.at\/dt.html\" target=\"_blank\">Pf\u00e4nder<\/a> (1064 m) in Bregenz. Da wir dadurch mehr Zeit hatten, verkn\u00fcpften wir das mit der Cachingrunde Minitrail, die am Berg entlang l\u00e4uft.<\/p>\n<p><a href=\"https:\/\/www.sbrunner.net\/wp-content\/uploads\/2012\/01\/bregenz01.jpg\"><img loading=\"lazy\" decoding=\"async\" src=\"https:\/\/www.sbrunner.net\/wp-content\/uploads\/2012\/01\/bregenz01-150x150.jpg\" alt=\"\" title=\"bregenz01\" width=\"150\" height=\"150\" class=\"alignnone size-thumbnail wp-image-2943\" srcset=\"https:\/\/www.sbrunner.net\/wp-content\/uploads\/2012\/01\/bregenz01-150x150.jpg 150w, https:\/\/www.sbrunner.net\/wp-content\/uploads\/2012\/01\/bregenz01-100x100.jpg 100w\" sizes=\"auto, (max-width: 150px) 100vw, 150px\" \/><\/a><a href=\"https:\/\/www.sbrunner.net\/wp-content\/uploads\/2012\/01\/bregenz02.jpg\"><img loading=\"lazy\" decoding=\"async\" src=\"https:\/\/www.sbrunner.net\/wp-content\/uploads\/2012\/01\/bregenz02-150x150.jpg\" alt=\"\" title=\"bregenz02\" width=\"150\" height=\"150\" class=\"alignnone size-thumbnail wp-image-2943\" \/><\/a><a href=\"https:\/\/www.sbrunner.net\/wp-content\/uploads\/2012\/01\/bregenz03.jpg\"><img loading=\"lazy\" decoding=\"async\" src=\"https:\/\/www.sbrunner.net\/wp-content\/uploads\/2012\/01\/bregenz03-150x150.jpg\" alt=\"\" title=\"bregenz03\" width=\"150\" height=\"150\" class=\"alignnone size-thumbnail wp-image-2943\" \/><\/a><\/p>\n<p>Und nachdem der Plan am Freitagabend geschmiedet war, fuhren wir am Samstagmorgen \u00fcber Friedrichshafen und Lindau nach Bregenz. Es erwartete uns ein Traumwetter und ein herrlicher Blick auf den Bodensee. Motiviert und noch ziemlich dick eingepackt liefen wir los und machten die ersten Caches: Pf\u00e4nderbahn und Zeigerle. Danach ging es auf dem Trail los, wobei sich der erste MiniTrail-Cache nicht lange verstecken konnte.<\/p>\n<p><a href=\"https:\/\/www.sbrunner.net\/wp-content\/uploads\/2012\/01\/bregenz04.jpg\"><img loading=\"lazy\" decoding=\"async\" src=\"https:\/\/www.sbrunner.net\/wp-content\/uploads\/2012\/01\/bregenz04-150x150.jpg\" alt=\"\" title=\"bregenz04\" width=\"150\" height=\"150\" class=\"alignnone size-thumbnail wp-image-2943\" \/><\/a><a href=\"https:\/\/www.sbrunner.net\/wp-content\/uploads\/2012\/01\/bregenz05.jpg\"><img loading=\"lazy\" decoding=\"async\" src=\"https:\/\/www.sbrunner.net\/wp-content\/uploads\/2012\/01\/bregenz05-150x150.jpg\" alt=\"\" title=\"bregenz05\" width=\"150\" height=\"150\" class=\"alignnone size-thumbnail wp-image-2943\" \/><\/a><a href=\"https:\/\/www.sbrunner.net\/wp-content\/uploads\/2012\/01\/bregenz06.jpg\"><img loading=\"lazy\" decoding=\"async\" src=\"https:\/\/www.sbrunner.net\/wp-content\/uploads\/2012\/01\/bregenz06-150x150.jpg\" alt=\"\" title=\"bregenz06\" width=\"150\" height=\"150\" class=\"alignnone size-thumbnail wp-image-2943\" \/><\/a><\/p>\n<p>Ab da liefen wir durch den Wald und mehr oder weniger matschiges Gel\u00e4nde. Noch war es keine Wintderwanderung, es kamen eher Fr\u00fchlingsgef\u00fchle auf ;-). Aber um so weiter es nach oben ging, um so wei\u00dfer wurde es dann auch. Und auf dem Weg lagen auch zwei weitere MiniTrail-Caches, die wir nach einer kleinen GPS-Verwirrung recht schnell fanden. Nur ein Cache versteckte sich bis zum Schluss, der an der Kapelle. Wir suchten und suchten, fanden ihn aber nicht. <\/p>\n<p><a href=\"https:\/\/www.sbrunner.net\/wp-content\/uploads\/2012\/01\/bregenz07.jpg\"><img loading=\"lazy\" decoding=\"async\" src=\"https:\/\/www.sbrunner.net\/wp-content\/uploads\/2012\/01\/bregenz07-225x300.jpg\" alt=\"\" title=\"bregenz07\" width=\"225\" height=\"300\" class=\"alignnone size-medium wp-image-2949\" srcset=\"https:\/\/www.sbrunner.net\/wp-content\/uploads\/2012\/01\/bregenz07-225x300.jpg 225w, https:\/\/www.sbrunner.net\/wp-content\/uploads\/2012\/01\/bregenz07.jpg 300w\" sizes=\"auto, (max-width: 225px) 100vw, 225px\" \/><\/a><\/p>\n<p>Also gaben wir schlie\u00dflich auf und gingen zum n\u00e4chsten Cache, der wieder zur MiniTrail-Runde geh\u00f6rte. Das waren f\u00fcr diesen Tag auch die wichtigsten, da wir damit einen Bonuscache finden konnten.<\/p>\n<p><a href=\"https:\/\/www.sbrunner.net\/wp-content\/uploads\/2012\/01\/bregenz08.jpg\"><img loading=\"lazy\" decoding=\"async\" src=\"https:\/\/www.sbrunner.net\/wp-content\/uploads\/2012\/01\/bregenz08-150x150.jpg\" alt=\"\" title=\"bregenz08\" width=\"150\" height=\"150\" class=\"alignnone size-thumbnail wp-image-2943\" \/><\/a><\/p>\n<p>Auch der n\u00e4chste Cache versteckte sich nicht lange. Dann verfolgten wir aber nicht mehr den Weg der Caches, sondern bogen ab auf den Weg zum Gipfel. Schlie\u00dflich war der urspr\u00fcngliche Plan eine Winterwanderung ;-). Da merkten wir dann auch recht schnell, dass wir beide ziemlich untrainiert waren. Es war doch anstrengender als gedacht.<\/p>\n<p><a href=\"https:\/\/www.sbrunner.net\/wp-content\/uploads\/2012\/01\/bregenz09.jpg\"><img loading=\"lazy\" decoding=\"async\" src=\"https:\/\/www.sbrunner.net\/wp-content\/uploads\/2012\/01\/bregenz09-225x300.jpg\" alt=\"\" title=\"bregenz09\" width=\"225\" height=\"300\" class=\"alignnone size-medium wp-image-2951\" srcset=\"https:\/\/www.sbrunner.net\/wp-content\/uploads\/2012\/01\/bregenz09-225x300.jpg 225w, https:\/\/www.sbrunner.net\/wp-content\/uploads\/2012\/01\/bregenz09.jpg 300w\" sizes=\"auto, (max-width: 225px) 100vw, 225px\" \/><\/a><a href=\"https:\/\/www.sbrunner.net\/wp-content\/uploads\/2012\/01\/bregenz12.jpg\"><img loading=\"lazy\" decoding=\"async\" src=\"https:\/\/www.sbrunner.net\/wp-content\/uploads\/2012\/01\/bregenz12-225x300.jpg\" alt=\"\" title=\"bregenz12\" width=\"225\" height=\"300\" class=\"alignnone size-medium wp-image-2954\" srcset=\"https:\/\/www.sbrunner.net\/wp-content\/uploads\/2012\/01\/bregenz12-225x300.jpg 225w, https:\/\/www.sbrunner.net\/wp-content\/uploads\/2012\/01\/bregenz12.jpg 300w\" sizes=\"auto, (max-width: 225px) 100vw, 225px\" \/><\/a><\/p>\n<p>Das war aber nicht weiter schlimm, sondern eher motivierend. Nachdem der Schnee dann auch immer mehr wurde und die Ausblicke immer begeisternder, merkten wir die Anstrengung schon nicht mehr. Ein paar andere Wanderer liefen auf den Berg hoch, im h\u00f6heren Bereich angekommen sahen wir aber auch einige Rodler und Schifahrer. Wir liefen dann weiter zum Gipfel.<\/p>\n<p><a href=\"https:\/\/www.sbrunner.net\/wp-content\/uploads\/2012\/01\/bregenz10.jpg\"><img loading=\"lazy\" decoding=\"async\" src=\"https:\/\/www.sbrunner.net\/wp-content\/uploads\/2012\/01\/bregenz10-300x225.jpg\" alt=\"\" title=\"bregenz10\" width=\"300\" height=\"225\" class=\"alignnone size-medium wp-image-2952\" srcset=\"https:\/\/www.sbrunner.net\/wp-content\/uploads\/2012\/01\/bregenz10-300x225.jpg 300w, https:\/\/www.sbrunner.net\/wp-content\/uploads\/2012\/01\/bregenz10.jpg 400w\" sizes=\"auto, (max-width: 300px) 100vw, 300px\" \/><\/a><\/p>\n<p>Und von da war der Ausblick ein Traum! Auf der einen Seite zum See&#8230;<\/p>\n<p><a href=\"https:\/\/www.sbrunner.net\/wp-content\/uploads\/2012\/01\/bregenz11.jpg\"><img loading=\"lazy\" decoding=\"async\" src=\"https:\/\/www.sbrunner.net\/wp-content\/uploads\/2012\/01\/bregenz11-300x225.jpg\" alt=\"\" title=\"bregenz11\" width=\"300\" height=\"225\" class=\"alignnone size-medium wp-image-2953\" srcset=\"https:\/\/www.sbrunner.net\/wp-content\/uploads\/2012\/01\/bregenz11-300x225.jpg 300w, https:\/\/www.sbrunner.net\/wp-content\/uploads\/2012\/01\/bregenz11.jpg 400w\" sizes=\"auto, (max-width: 300px) 100vw, 300px\" \/><\/a><\/p>\n<p>&#8230; und auf der anderen auf eine wundersch\u00f6ne Berglandschaft!<\/p>\n<p><a href=\"https:\/\/www.sbrunner.net\/wp-content\/uploads\/2012\/01\/bregenz13.jpg\"><img loading=\"lazy\" decoding=\"async\" src=\"https:\/\/www.sbrunner.net\/wp-content\/uploads\/2012\/01\/bregenz13-300x225.jpg\" alt=\"\" title=\"bregenz13\" width=\"300\" height=\"225\" class=\"alignnone size-medium wp-image-2955\" srcset=\"https:\/\/www.sbrunner.net\/wp-content\/uploads\/2012\/01\/bregenz13-300x225.jpg 300w, https:\/\/www.sbrunner.net\/wp-content\/uploads\/2012\/01\/bregenz13.jpg 400w\" sizes=\"auto, (max-width: 300px) 100vw, 300px\" \/><\/a><\/p>\n<p>Da hatte sich der Aufstieg wirklich gelohnt! Ein St\u00fcckchen weiter unten gingen wir dann zu einem Gasthaus und st\u00e4rkten uns f\u00fcr den Abstieg und die n\u00e4chsten Caches. Um wieder zu dem Punkt zur\u00fcckzukommen, wo wir mit dem letzten Cache aufgeh\u00f6rt hatten, mussten wir den Weg wieder zur\u00fcck und dieses Mal bergab laufen. Es war ziemlich rutschig, zum Gl\u00fcck blieben wir aber beide unversehrt und konnten trotz ein paar sehr glatter Stellen das Gleichgewicht dann doch halten.<\/p>\n<p><a href=\"https:\/\/www.sbrunner.net\/wp-content\/uploads\/2012\/01\/bregenz14.jpg\"><img loading=\"lazy\" decoding=\"async\" src=\"https:\/\/www.sbrunner.net\/wp-content\/uploads\/2012\/01\/bregenz14-150x150.jpg\" alt=\"\" title=\"bregenz14\" width=\"150\" height=\"150\" class=\"alignnone size-thumbnail wp-image-2943\" \/><\/a><a href=\"https:\/\/www.sbrunner.net\/wp-content\/uploads\/2012\/01\/bregenz15.jpg\"><img loading=\"lazy\" decoding=\"async\" src=\"https:\/\/www.sbrunner.net\/wp-content\/uploads\/2012\/01\/bregenz15-150x150.jpg\" alt=\"\" title=\"bregenz15\" width=\"150\" height=\"150\" class=\"alignnone size-thumbnail wp-image-2943\" \/><\/a><a href=\"https:\/\/www.sbrunner.net\/wp-content\/uploads\/2012\/01\/bregenz16.jpg\"><img loading=\"lazy\" decoding=\"async\" src=\"https:\/\/www.sbrunner.net\/wp-content\/uploads\/2012\/01\/bregenz16-150x150.jpg\" alt=\"\" title=\"bregenz16\" width=\"150\" height=\"150\" class=\"alignnone size-thumbnail wp-image-2943\" \/><\/a><\/p>\n<p>Und dann ging&#8217;s auch weiter. Die n\u00e4chsten zwei MiniTrail-Caches warteten und das &#8222;narrische Schwammerl&#8220; ;-). Letzteren fanden wir vor allem wegen dem Namen cool ;-). Auf dem Weg nach unten wurde der Schnee wieder weniger und der Weg immer matschiger. Wir waren aber dann auch schon bald am Ende.<\/p>\n<p><a href=\"https:\/\/www.sbrunner.net\/wp-content\/uploads\/2012\/01\/bregenz17.jpg\"><img loading=\"lazy\" decoding=\"async\" src=\"https:\/\/www.sbrunner.net\/wp-content\/uploads\/2012\/01\/bregenz17-150x150.jpg\" alt=\"\" title=\"bregenz17\" width=\"150\" height=\"150\" class=\"alignnone size-thumbnail wp-image-2943\" \/><\/a><a href=\"https:\/\/www.sbrunner.net\/wp-content\/uploads\/2012\/01\/bregenz18.jpg\"><img loading=\"lazy\" decoding=\"async\" src=\"https:\/\/www.sbrunner.net\/wp-content\/uploads\/2012\/01\/bregenz18-150x150.jpg\" alt=\"\" title=\"bregenz18\" width=\"150\" height=\"150\" class=\"alignnone size-thumbnail wp-image-2943\" \/><\/a><\/p>\n<p>Der letzte MiniTrail-Cache versteckte sich im Baum und damit konnten wir dann auch zu dem \u00fcberaus einfallsreichen Bonuscache. Und dann ging&#8217;s am sp\u00e4ten Nachmittag wieder zur\u00fcck zum Bahnhof. Nach einem kleinen Spaziergang am See, wartete auch schon der Zug nach Lindau.<\/p>\n<p><a href=\"https:\/\/www.sbrunner.net\/wp-content\/uploads\/2012\/01\/bregenz19.jpg\"><img loading=\"lazy\" decoding=\"async\" src=\"https:\/\/www.sbrunner.net\/wp-content\/uploads\/2012\/01\/bregenz19-300x225.jpg\" alt=\"\" title=\"bregenz19\" width=\"300\" height=\"225\" class=\"alignnone size-medium wp-image-2961\" srcset=\"https:\/\/www.sbrunner.net\/wp-content\/uploads\/2012\/01\/bregenz19-300x225.jpg 300w, https:\/\/www.sbrunner.net\/wp-content\/uploads\/2012\/01\/bregenz19.jpg 400w\" sizes=\"auto, (max-width: 300px) 100vw, 300px\" \/><\/a><\/p>\n<p>Den Abend verbrachten wir mit Kochen und DVD schauen und beendeten so einen wundersch\u00f6nen Tag! Am n\u00e4chsten Mittag stand dann nur noch die R\u00fcckfahrt an, was bei dem Wetter auch herrlich sch\u00f6n war. Zuerst zeigte sich der Bodensee nochmal von seiner sch\u00f6nsten Seite&#8230;<\/p>\n<p><a href=\"https:\/\/www.sbrunner.net\/wp-content\/uploads\/2012\/01\/bregenz20.jpg\"><img loading=\"lazy\" decoding=\"async\" src=\"https:\/\/www.sbrunner.net\/wp-content\/uploads\/2012\/01\/bregenz20-150x150.jpg\" alt=\"\" title=\"bregenz20\" width=\"150\" height=\"150\" class=\"alignnone size-thumbnail wp-image-2943\" \/><\/a><a href=\"https:\/\/www.sbrunner.net\/wp-content\/uploads\/2012\/01\/bregenz21.jpg\"><img loading=\"lazy\" decoding=\"async\" src=\"https:\/\/www.sbrunner.net\/wp-content\/uploads\/2012\/01\/bregenz21-150x150.jpg\" alt=\"\" title=\"bregenz21\" width=\"150\" height=\"150\" class=\"alignnone size-thumbnail wp-image-2943\" \/><\/a><\/p>\n<p>&#8230; und bei der Fahrt durch&#8217;s Allg\u00e4u sah ich wundersch\u00f6ne Winterlandschaft.<\/p>\n<p>Was f\u00fcr ein traumhaftes Wochenende :-)!<\/p>\n<p>Liebe Gr\u00fc\u00dfe,<br \/>\nSabine \ud83d\ude42<\/p>\n","protected":false},"excerpt":{"rendered":"<p>Hall\u00f6chen zusammen! Dieses Wochenende war ich bei einer Freundin, die am Bodensee wohnt. Wir wollten das sch\u00f6ne Wetter f\u00fcr eine Winterwanderung nutzen. Da in \u00d6sterreich vielerorts Lawinenwarnung war, entschieden wir uns f\u00fcr einen nicht allzu hohen Berg: Den Pf\u00e4nder (1064 m) in Bregenz. Da wir dadurch mehr Zeit hatten, verkn\u00fcpften wir das mit der Cachingrunde [&hellip;]<\/p>\n","protected":false},"author":4,"featured_media":0,"comment_status":"open","ping_status":"closed","sticky":false,"template":"","format":"standard","meta":{"footnotes":""},"categories":[5,10,32],"tags":[36,311,40,312],"class_list":["post-2942","post","type-post","status-publish","format-standard","hentry","category-geocachen","category-wandern","category-winter","tag-bodensee","tag-bregenz","tag-geocachen-2","tag-pfander"],"_links":{"self":[{"href":"https:\/\/www.sbrunner.net\/index.php?rest_route=\/wp\/v2\/posts\/2942","targetHints":{"allow":["GET"]}}],"collection":[{"href":"https:\/\/www.sbrunner.net\/index.php?rest_route=\/wp\/v2\/posts"}],"about":[{"href":"https:\/\/www.sbrunner.net\/index.php?rest_route=\/wp\/v2\/types\/post"}],"author":[{"embeddable":true,"href":"https:\/\/www.sbrunner.net\/index.php?rest_route=\/wp\/v2\/users\/4"}],"replies":[{"embeddable":true,"href":"https:\/\/www.sbrunner.net\/index.php?rest_route=%2Fwp%2Fv2%2Fcomments&post=2942"}],"version-history":[{"count":9,"href":"https:\/\/www.sbrunner.net\/index.php?rest_route=\/wp\/v2\/posts\/2942\/revisions"}],"predecessor-version":[{"id":5781,"href":"https:\/\/www.sbrunner.net\/index.php?rest_route=\/wp\/v2\/posts\/2942\/revisions\/5781"}],"wp:attachment":[{"href":"https:\/\/www.sbrunner.net\/index.php?rest_route=%2Fwp%2Fv2%2Fmedia&parent=2942"}],"wp:term":[{"taxonomy":"category","embeddable":true,"href":"https:\/\/www.sbrunner.net\/index.php?rest_route=%2Fwp%2Fv2%2Fcategories&post=2942"},{"taxonomy":"post_tag","embeddable":true,"href":"https:\/\/www.sbrunner.net\/index.php?rest_route=%2Fwp%2Fv2%2Ftags&post=2942"}],"curies":[{"name":"wp","href":"https:\/\/api.w.org\/{rel}","templated":true}]}}