{"id":11682,"date":"2020-11-08T11:30:59","date_gmt":"2020-11-08T09:30:59","guid":{"rendered":"https:\/\/www.sbrunner.net\/?p=11682"},"modified":"2020-11-08T11:31:01","modified_gmt":"2020-11-08T09:31:01","slug":"berg-2021","status":"publish","type":"post","link":"https:\/\/www.sbrunner.net\/?p=11682","title":{"rendered":"Berg 2021"},"content":{"rendered":"<p>Hallo zusammen!<\/p>\n<p>Wie schon letztes <a href=\"_wp_link_placeholder\" data-wplink-edit=\"true\">Jahr<\/a>, hatte ich auch dieses Jahr wieder die M\u00f6glichkeit, das Alpenvereinsjahrbuch BERG zu rezensieren. Dieses Mal liegt der Schwerpunkt auf den BergWelten Karnischer Kamm und dem BergFokus Wandern. Eine gute Wahl \ud83d\ude42 .<\/p>\n<p><a href=\"https:\/\/www.sbrunner.net\/?attachment_id=11683\" rel=\"attachment wp-att-11683\"><img loading=\"lazy\" decoding=\"async\" class=\"alignnone size-medium wp-image-11683\" src=\"https:\/\/www.sbrunner.net\/wp-content\/uploads\/2020\/11\/berg2021-239x300.jpg\" alt=\"\" width=\"239\" height=\"300\" srcset=\"https:\/\/www.sbrunner.net\/wp-content\/uploads\/2020\/11\/berg2021-239x300.jpg 239w, https:\/\/www.sbrunner.net\/wp-content\/uploads\/2020\/11\/berg2021.jpg 450w\" sizes=\"auto, (max-width: 239px) 100vw, 239px\" \/><\/a><\/p>\n<p><strong>BergWelten<\/strong><\/p>\n<p>Thema von BergWelten ist Karnischer Kamm und dazu z\u00e4hlt nat\u00fcrlich auch der Karnische H\u00f6henweg. Darauf hatte ich mich schon gefreut! Eine Liste mit Klettersteigen auf dem Weg war auch noch dabei. Und damit habe ich ein weiteres Ziel auf meiner &#8222;was ich unbedingt mal machen will&#8220; Liste. Mit dem Hintergrundwissen aus BergWelten macht das noch mehr Spa\u00df.<\/p>\n<p><strong>BergFokus<\/strong><\/p>\n<p>Ja, warum eigentlich wandern? BergFokus widmet sich meiner Leidenschaft und erkl\u00e4rt, wo die eigentlich herkommt. Manuel Andracks Beitrag zum Wandern im Mitterlgebirge hat mir auch sehr gut gefallen &#8211; die haben ja doch auch einiges zu bieten. Auch auf die Problematik Biker und Wanderer wird eingegangen.<\/p>\n<p><strong>BergSteigen<\/strong><\/p>\n<p>In der Rubrik BergSteigen geht es um den Mont Blanc und den internationalen Alpinismus allgemein. Am interessantesten war f\u00fcr mich aber der Artikel zu &#8222;All inclusive? Es gibt in den Bergen kein Recht auf vorbehaltlose Rettung&#8220;, was auch aus meiner Sicht zunehmend problematisch wird.<\/p>\n<p><strong>BergMenschen<\/strong><\/p>\n<p>Geschichten von Kletterpionierinnen und Pionieren mag ich ja &#8211; da kam der Artikel zu Andre Eisenhut gerade richtig. BergMenschen erz\u00e4hlt aber auch von integrativen Projekten am Berg, was ich sehr interessant fand.<\/p>\n<p><strong>BergWissen<\/strong><\/p>\n<p>Juristische Vertretung der Natur, Alpenschutz und Eiskristalle &#8211; BergWissen bietet wieder spannende Artikel, um sich mit den Hintergr\u00fcnden zu besch\u00e4ftigen.<\/p>\n<p><strong>BergKultur<\/strong><\/p>\n<p>Im letzten Abschnitt geht es um die BergKultur. Dabei hat mir der letzte Artikel am besten gefallen: &#8222;Besser als ich, nicht besser als du.&#8220; Ein Thema, bei dem man auch seine eigenen Anspr\u00fcche hinterfragen sollte.<\/p>\n<p>Berg 2021 bietet viele spannende interessante Artikel, ein perfektes Buch, um kalte, regnerische Tage zu verbringen, wenn man gerade nicht in die Berge oder an die Kletterwand kann.<\/p>\n<p>Liebe Gr\u00fc\u00dfe,<br \/>\nSabine \ud83d\ude42<\/p>\n","protected":false},"excerpt":{"rendered":"<p>Hallo zusammen! Wie schon letztes Jahr, hatte ich auch dieses Jahr wieder die M\u00f6glichkeit, das Alpenvereinsjahrbuch BERG zu rezensieren. Dieses Mal liegt der Schwerpunkt auf den BergWelten Karnischer Kamm und dem BergFokus Wandern. Eine gute Wahl \ud83d\ude42 . BergWelten Thema von BergWelten ist Karnischer Kamm und dazu z\u00e4hlt nat\u00fcrlich auch der Karnische H\u00f6henweg. Darauf hatte [&hellip;]<\/p>\n","protected":false},"author":4,"featured_media":0,"comment_status":"open","ping_status":"closed","sticky":false,"template":"","format":"standard","meta":{"footnotes":""},"categories":[1],"tags":[1797,1421],"class_list":["post-11682","post","type-post","status-publish","format-standard","hentry","category-freizeit","tag-berg-2021","tag-dav"],"_links":{"self":[{"href":"https:\/\/www.sbrunner.net\/index.php?rest_route=\/wp\/v2\/posts\/11682","targetHints":{"allow":["GET"]}}],"collection":[{"href":"https:\/\/www.sbrunner.net\/index.php?rest_route=\/wp\/v2\/posts"}],"about":[{"href":"https:\/\/www.sbrunner.net\/index.php?rest_route=\/wp\/v2\/types\/post"}],"author":[{"embeddable":true,"href":"https:\/\/www.sbrunner.net\/index.php?rest_route=\/wp\/v2\/users\/4"}],"replies":[{"embeddable":true,"href":"https:\/\/www.sbrunner.net\/index.php?rest_route=%2Fwp%2Fv2%2Fcomments&post=11682"}],"version-history":[{"count":1,"href":"https:\/\/www.sbrunner.net\/index.php?rest_route=\/wp\/v2\/posts\/11682\/revisions"}],"predecessor-version":[{"id":11688,"href":"https:\/\/www.sbrunner.net\/index.php?rest_route=\/wp\/v2\/posts\/11682\/revisions\/11688"}],"wp:attachment":[{"href":"https:\/\/www.sbrunner.net\/index.php?rest_route=%2Fwp%2Fv2%2Fmedia&parent=11682"}],"wp:term":[{"taxonomy":"category","embeddable":true,"href":"https:\/\/www.sbrunner.net\/index.php?rest_route=%2Fwp%2Fv2%2Fcategories&post=11682"},{"taxonomy":"post_tag","embeddable":true,"href":"https:\/\/www.sbrunner.net\/index.php?rest_route=%2Fwp%2Fv2%2Ftags&post=11682"}],"curies":[{"name":"wp","href":"https:\/\/api.w.org\/{rel}","templated":true}]}}